{"id":4254,"date":"2024-05-09T13:33:42","date_gmt":"2024-05-09T12:33:42","guid":{"rendered":"https:\/\/transvulcania.com\/?p=4254"},"modified":"2024-05-09T13:34:57","modified_gmt":"2024-05-09T12:34:57","slug":"starting-order-of-the-transvulcania-vertical-uphill-adidas-terrex-2024","status":"publish","type":"post","link":"https:\/\/transvulcania.com\/en\/starting-order-of-the-transvulcania-vertical-uphill-adidas-terrex-2024\/","title":{"rendered":"Starting order of the Transvulcania Vertical Uphill adidas TERREX 2024"},"content":{"rendered":"\n<div data-wp-interactive=\"core\/file\" class=\"wp-block-file\"><object data-wp-bind--hidden=\"!state.hasPdfPreview\" hidden class=\"wp-block-file__embed\" data=\"https:\/\/transvulcania.com\/wp-content\/uploads\/2024\/05\/ORDEN-DE-SALIDA-VERTICAL_TRV24-1.pdf\" type=\"application\/pdf\" style=\"width:100%;height:600px\" aria-label=\"Embed of ORDEN-DE-SALIDA-VERTICAL_TRV24-1.\"><\/object><a id=\"wp-block-file--media-63cceb0e-aa1e-4352-ab8c-59b96bcfdcc2\" href=\"https:\/\/transvulcania.com\/wp-content\/uploads\/2024\/05\/ORDEN-DE-SALIDA-VERTICAL_TRV24-1.pdf\">ORDEN-DE-SALIDA-VERTICAL_TRV24-1<\/a><a href=\"https:\/\/transvulcania.com\/wp-content\/uploads\/2024\/05\/ORDEN-DE-SALIDA-VERTICAL_TRV24-1.pdf\" class=\"wp-block-file__button wp-element-button\" download aria-describedby=\"wp-block-file--media-63cceb0e-aa1e-4352-ab8c-59b96bcfdcc2\">Descarga<\/a><\/div>\n","protected":false},"excerpt":{"rendered":"","protected":false},"author":3,"featured_media":4252,"comment_status":"closed","ping_status":"closed","sticky":false,"template":"","format":"standard","meta":{"footnotes":""},"categories":[24,1],"tags":[],"class_list":["post-4254","post","type-post","status-publish","format-standard","has-post-thumbnail","hentry","category-news","category-sin-categorizar"],"yoast_head":"<!-- This site is optimized with the Yoast SEO Premium plugin v21.2 (Yoast SEO v21.2) - https:\/\/yoast.com\/wordpress\/plugins\/seo\/ -->\n<title>Starting order of the Transvulcania Vertical Uphill adidas TERREX 2024 - Transvulcania Terrex 2025 - Ultramarathon La Palma<\/title>\n<meta name=\"robots\" content=\"index, follow, max-snippet:-1, max-image-preview:large, max-video-preview:-1\" \/>\n<link rel=\"canonical\" href=\"https:\/\/transvulcania.com\/en\/starting-order-of-the-transvulcania-vertical-uphill-adidas-terrex-2024\/\" \/>\n<meta property=\"og:locale\" content=\"en_US\" \/>\n<meta property=\"og:type\" content=\"article\" \/>\n<meta property=\"og:title\" content=\"Starting order of the Transvulcania Vertical Uphill adidas TERREX 2024\" \/>\n<meta property=\"og:url\" content=\"https:\/\/transvulcania.com\/en\/starting-order-of-the-transvulcania-vertical-uphill-adidas-terrex-2024\/\" \/>\n<meta property=\"og:site_name\" content=\"Transvulcania Terrex 2025 - Ultramarathon La Palma\" \/>\n<meta property=\"article:published_time\" content=\"2024-05-09T12:33:42+00:00\" \/>\n<meta property=\"article:modified_time\" content=\"2024-05-09T12:34:57+00:00\" \/>\n<meta property=\"og:image\" content=\"https:\/\/transvulcania.com\/wp-content\/uploads\/2024\/05\/IMG_1497.jpg\" \/>\n\t<meta property=\"og:image:width\" content=\"1200\" \/>\n\t<meta property=\"og:image:height\" content=\"800\" \/>\n\t<meta property=\"og:image:type\" content=\"image\/jpeg\" \/>\n<meta name=\"author\" content=\"Sodepal Sodepal\" \/>\n<meta name=\"twitter:card\" content=\"summary_large_image\" \/>\n<meta name=\"twitter:label1\" content=\"Written by\" \/>\n\t<meta name=\"twitter:data1\" content=\"Sodepal Sodepal\" \/>\n\t<meta name=\"twitter:label2\" content=\"Est. reading time\" \/>\n\t<meta name=\"twitter:data2\" content=\"1 minute\" \/>\n<script type=\"application\/ld+json\" class=\"yoast-schema-graph\">{\"@context\":\"https:\/\/schema.org\",\"@graph\":[{\"@type\":\"Article\",\"@id\":\"https:\/\/transvulcania.com\/en\/starting-order-of-the-transvulcania-vertical-uphill-adidas-terrex-2024\/#article\",\"isPartOf\":{\"@id\":\"https:\/\/transvulcania.com\/en\/starting-order-of-the-transvulcania-vertical-uphill-adidas-terrex-2024\/\"},\"author\":{\"name\":\"Sodepal Sodepal\",\"@id\":\"https:\/\/transvulcania.com\/en\/#\/schema\/person\/e5750218fa698597dbae118e7669e0c7\"},\"headline\":\"Starting order of the Transvulcania Vertical Uphill adidas TERREX 2024\",\"datePublished\":\"2024-05-09T12:33:42+00:00\",\"dateModified\":\"2024-05-09T12:34:57+00:00\",\"mainEntityOfPage\":{\"@id\":\"https:\/\/transvulcania.com\/en\/starting-order-of-the-transvulcania-vertical-uphill-adidas-terrex-2024\/\"},\"wordCount\":13,\"publisher\":{\"@id\":\"https:\/\/transvulcania.com\/en\/#organization\"},\"articleSection\":[\"News\",\"Sin categorizar\"],\"inLanguage\":\"en-US\"},{\"@type\":\"WebPage\",\"@id\":\"https:\/\/transvulcania.com\/en\/starting-order-of-the-transvulcania-vertical-uphill-adidas-terrex-2024\/\",\"url\":\"https:\/\/transvulcania.com\/en\/starting-order-of-the-transvulcania-vertical-uphill-adidas-terrex-2024\/\",\"name\":\"Starting order of the Transvulcania Vertical Uphill adidas TERREX 2024 - Transvulcania Terrex 2025 - Ultramarathon La Palma\",\"isPartOf\":{\"@id\":\"https:\/\/transvulcania.com\/en\/#website\"},\"datePublished\":\"2024-05-09T12:33:42+00:00\",\"dateModified\":\"2024-05-09T12:34:57+00:00\",\"breadcrumb\":{\"@id\":\"https:\/\/transvulcania.com\/en\/starting-order-of-the-transvulcania-vertical-uphill-adidas-terrex-2024\/#breadcrumb\"},\"inLanguage\":\"en-US\",\"potentialAction\":[{\"@type\":\"ReadAction\",\"target\":[\"https:\/\/transvulcania.com\/en\/starting-order-of-the-transvulcania-vertical-uphill-adidas-terrex-2024\/\"]}]},{\"@type\":\"BreadcrumbList\",\"@id\":\"https:\/\/transvulcania.com\/en\/starting-order-of-the-transvulcania-vertical-uphill-adidas-terrex-2024\/#breadcrumb\",\"itemListElement\":[{\"@type\":\"ListItem\",\"position\":1,\"name\":\"Home\",\"item\":\"https:\/\/transvulcania.com\/en\/\"},{\"@type\":\"ListItem\",\"position\":2,\"name\":\"Starting order of the Transvulcania Vertical Uphill adidas TERREX 2024\"}]},{\"@type\":\"WebSite\",\"@id\":\"https:\/\/transvulcania.com\/en\/#website\",\"url\":\"https:\/\/transvulcania.com\/en\/\",\"name\":\"Transvulcania Terrex 2025 - Ultramarathon La Palma\",\"description\":\"Transvulcania 2025 - Es la XV Edici\u00f3n de la Ultramarat\u00f3n de monta\u00f1a de la Isla La Palma\",\"publisher\":{\"@id\":\"https:\/\/transvulcania.com\/en\/#organization\"},\"potentialAction\":[{\"@type\":\"SearchAction\",\"target\":{\"@type\":\"EntryPoint\",\"urlTemplate\":\"https:\/\/transvulcania.com\/en\/?s={search_term_string}\"},\"query-input\":\"required name=search_term_string\"}],\"inLanguage\":\"en-US\"},{\"@type\":\"Organization\",\"@id\":\"https:\/\/transvulcania.com\/en\/#organization\",\"name\":\"Transvulcania Terrex 2025 - Ultramarathon La Palma\",\"url\":\"https:\/\/transvulcania.com\/en\/\",\"logo\":{\"@type\":\"ImageObject\",\"inLanguage\":\"en-US\",\"@id\":\"https:\/\/transvulcania.com\/en\/#\/schema\/logo\/image\/\",\"url\":\"https:\/\/transvulcania.com\/wp-content\/uploads\/2024\/03\/Logo_Transvulcania_Terrex.png\",\"contentUrl\":\"https:\/\/transvulcania.com\/wp-content\/uploads\/2024\/03\/Logo_Transvulcania_Terrex.png\",\"width\":431,\"height\":552,\"caption\":\"Transvulcania Terrex 2025 - Ultramarathon La Palma\"},\"image\":{\"@id\":\"https:\/\/transvulcania.com\/en\/#\/schema\/logo\/image\/\"}},{\"@type\":\"Person\",\"@id\":\"https:\/\/transvulcania.com\/en\/#\/schema\/person\/e5750218fa698597dbae118e7669e0c7\",\"name\":\"Sodepal Sodepal\",\"url\":\"https:\/\/transvulcania.com\/en\/author\/sodepal\/\"}]}<\/script>\n<!-- \/ Yoast SEO Premium plugin. -->","yoast_head_json":{"title":"Starting order of the Transvulcania Vertical Uphill adidas TERREX 2024 - Transvulcania Terrex 2025 - Ultramarathon La Palma","robots":{"index":"index","follow":"follow","max-snippet":"max-snippet:-1","max-image-preview":"max-image-preview:large","max-video-preview":"max-video-preview:-1"},"canonical":"https:\/\/transvulcania.com\/en\/starting-order-of-the-transvulcania-vertical-uphill-adidas-terrex-2024\/","og_locale":"en_US","og_type":"article","og_title":"Starting order of the Transvulcania Vertical Uphill adidas TERREX 2024","og_url":"https:\/\/transvulcania.com\/en\/starting-order-of-the-transvulcania-vertical-uphill-adidas-terrex-2024\/","og_site_name":"Transvulcania Terrex 2025 - Ultramarathon La Palma","article_published_time":"2024-05-09T12:33:42+00:00","article_modified_time":"2024-05-09T12:34:57+00:00","og_image":[{"width":1200,"height":800,"url":"https:\/\/transvulcania.com\/wp-content\/uploads\/2024\/05\/IMG_1497.jpg","type":"image\/jpeg"}],"author":"Sodepal Sodepal","twitter_card":"summary_large_image","twitter_misc":{"Written by":"Sodepal Sodepal","Est. reading time":"1 minute"},"schema":{"@context":"https:\/\/schema.org","@graph":[{"@type":"Article","@id":"https:\/\/transvulcania.com\/en\/starting-order-of-the-transvulcania-vertical-uphill-adidas-terrex-2024\/#article","isPartOf":{"@id":"https:\/\/transvulcania.com\/en\/starting-order-of-the-transvulcania-vertical-uphill-adidas-terrex-2024\/"},"author":{"name":"Sodepal Sodepal","@id":"https:\/\/transvulcania.com\/en\/#\/schema\/person\/e5750218fa698597dbae118e7669e0c7"},"headline":"Starting order of the Transvulcania Vertical Uphill adidas TERREX 2024","datePublished":"2024-05-09T12:33:42+00:00","dateModified":"2024-05-09T12:34:57+00:00","mainEntityOfPage":{"@id":"https:\/\/transvulcania.com\/en\/starting-order-of-the-transvulcania-vertical-uphill-adidas-terrex-2024\/"},"wordCount":13,"publisher":{"@id":"https:\/\/transvulcania.com\/en\/#organization"},"articleSection":["News","Sin categorizar"],"inLanguage":"en-US"},{"@type":"WebPage","@id":"https:\/\/transvulcania.com\/en\/starting-order-of-the-transvulcania-vertical-uphill-adidas-terrex-2024\/","url":"https:\/\/transvulcania.com\/en\/starting-order-of-the-transvulcania-vertical-uphill-adidas-terrex-2024\/","name":"Starting order of the Transvulcania Vertical Uphill adidas TERREX 2024 - Transvulcania Terrex 2025 - Ultramarathon La Palma","isPartOf":{"@id":"https:\/\/transvulcania.com\/en\/#website"},"datePublished":"2024-05-09T12:33:42+00:00","dateModified":"2024-05-09T12:34:57+00:00","breadcrumb":{"@id":"https:\/\/transvulcania.com\/en\/starting-order-of-the-transvulcania-vertical-uphill-adidas-terrex-2024\/#breadcrumb"},"inLanguage":"en-US","potentialAction":[{"@type":"ReadAction","target":["https:\/\/transvulcania.com\/en\/starting-order-of-the-transvulcania-vertical-uphill-adidas-terrex-2024\/"]}]},{"@type":"BreadcrumbList","@id":"https:\/\/transvulcania.com\/en\/starting-order-of-the-transvulcania-vertical-uphill-adidas-terrex-2024\/#breadcrumb","itemListElement":[{"@type":"ListItem","position":1,"name":"Home","item":"https:\/\/transvulcania.com\/en\/"},{"@type":"ListItem","position":2,"name":"Starting order of the Transvulcania Vertical Uphill adidas TERREX 2024"}]},{"@type":"WebSite","@id":"https:\/\/transvulcania.com\/en\/#website","url":"https:\/\/transvulcania.com\/en\/","name":"Transvulcania Terrex 2025 - Ultramarathon La Palma","description":"Transvulcania 2025 - Es la XV Edici\u00f3n de la Ultramarat\u00f3n de monta\u00f1a de la Isla La Palma","publisher":{"@id":"https:\/\/transvulcania.com\/en\/#organization"},"potentialAction":[{"@type":"SearchAction","target":{"@type":"EntryPoint","urlTemplate":"https:\/\/transvulcania.com\/en\/?s={search_term_string}"},"query-input":"required name=search_term_string"}],"inLanguage":"en-US"},{"@type":"Organization","@id":"https:\/\/transvulcania.com\/en\/#organization","name":"Transvulcania Terrex 2025 - Ultramarathon La Palma","url":"https:\/\/transvulcania.com\/en\/","logo":{"@type":"ImageObject","inLanguage":"en-US","@id":"https:\/\/transvulcania.com\/en\/#\/schema\/logo\/image\/","url":"https:\/\/transvulcania.com\/wp-content\/uploads\/2024\/03\/Logo_Transvulcania_Terrex.png","contentUrl":"https:\/\/transvulcania.com\/wp-content\/uploads\/2024\/03\/Logo_Transvulcania_Terrex.png","width":431,"height":552,"caption":"Transvulcania Terrex 2025 - Ultramarathon La Palma"},"image":{"@id":"https:\/\/transvulcania.com\/en\/#\/schema\/logo\/image\/"}},{"@type":"Person","@id":"https:\/\/transvulcania.com\/en\/#\/schema\/person\/e5750218fa698597dbae118e7669e0c7","name":"Sodepal Sodepal","url":"https:\/\/transvulcania.com\/en\/author\/sodepal\/"}]}},"_links":{"self":[{"href":"https:\/\/transvulcania.com\/en\/wp-json\/wp\/v2\/posts\/4254","targetHints":{"allow":["GET"]}}],"collection":[{"href":"https:\/\/transvulcania.com\/en\/wp-json\/wp\/v2\/posts"}],"about":[{"href":"https:\/\/transvulcania.com\/en\/wp-json\/wp\/v2\/types\/post"}],"author":[{"embeddable":true,"href":"https:\/\/transvulcania.com\/en\/wp-json\/wp\/v2\/users\/3"}],"replies":[{"embeddable":true,"href":"https:\/\/transvulcania.com\/en\/wp-json\/wp\/v2\/comments?post=4254"}],"version-history":[{"count":0,"href":"https:\/\/transvulcania.com\/en\/wp-json\/wp\/v2\/posts\/4254\/revisions"}],"wp:featuredmedia":[{"embeddable":true,"href":"https:\/\/transvulcania.com\/en\/wp-json\/wp\/v2\/media\/4252"}],"wp:attachment":[{"href":"https:\/\/transvulcania.com\/en\/wp-json\/wp\/v2\/media?parent=4254"}],"wp:term":[{"taxonomy":"category","embeddable":true,"href":"https:\/\/transvulcania.com\/en\/wp-json\/wp\/v2\/categories?post=4254"},{"taxonomy":"post_tag","embeddable":true,"href":"https:\/\/transvulcania.com\/en\/wp-json\/wp\/v2\/tags?post=4254"}],"curies":[{"name":"wp","href":"https:\/\/api.w.org\/{rel}","templated":true}]}}