{"id":4150,"date":"2024-05-09T06:18:55","date_gmt":"2024-05-09T05:18:55","guid":{"rendered":"https:\/\/transvulcania.com\/?p=4150"},"modified":"2024-05-09T06:21:46","modified_gmt":"2024-05-09T05:21:46","slug":"the-vertical-climb-inaugurates-the-competition-in-the-transvulcania-adidas-terrex-2024","status":"publish","type":"post","link":"https:\/\/transvulcania.com\/en\/the-vertical-climb-inaugurates-the-competition-in-the-transvulcania-adidas-terrex-2024\/","title":{"rendered":"The Vertical Climb inaugurates the competition in the Transvulcania adidas Terrex 2024"},"content":{"rendered":"\n<p>The action starts in the Transvulcania adidas Terrex 2024 and it does so, as has been the tradition, with the start of the Vertical Climb, an always spectacular race, which will take place tomorrow (May 9th) from 17.00 hours.<\/p>\n\n\n\n<p><br>Starting at the Puerto de Tazacorte and finishing at the Torre de El Time, the Transvulcania adidas Terrex Vertical Climb will kick off the competition, as pure as it is tough, in La Palma, with its usual route of 7.26 kilometres in length and 1,203 metres of positive height gain.<\/p>\n\n\n\n<p><br>This year&#8217;s list of participants includes quite a few specialists in this explosive sport and even winners of previous editions and some local runners who are aiming for the top of the podium.<br>The zigzagging trail that starts from sea level in Puerto de Tazacorte and reaches the Torre de El Time, usually with a sharp time change from starting to finish, will bring together numerous fans who will see in action Daniel Osanz, winner in 2019 or Pascal Egli, who took the victory in 2018, but also international athletes such as Omi Ryonosuke, Tomas Macecek or Damien Humbert.<\/p>\n\n\n\n<p><\/p>\n\n\n\n<p>Los espa\u00f1oles Abel Carretero, Arezki Habibi, Fabi\u00e1n Venero, Mario Olmedo y el local Yonet Gonz\u00e1lez intentar\u00e1n formar parte de un podio que est\u00e1 bastante caro en esta edici\u00f3n.<\/p>\n\n\n\n<p><\/p>\n\n\n\n<p>Entre las chicas tambi\u00e9n hay vencedoras anteriores como Jessica Pardin o la local Moana Lilly Kehres, que tratar\u00e1n de vivir de nuevo la sensaci\u00f3n de estar en lo m\u00e1s alto del podio de la prueba inaugural de la Transvulcania adidas Terrex conscientes de la enorme competencia que tendr\u00e1n en deportistas de excelente trayectoria como Holly Page, Camilla Magliano, Iris Pessey, Onditz Iturbe o Silvia Lara.<\/p>\n","protected":false},"excerpt":{"rendered":"<p>The action starts in the Transvulcania adidas Terrex 2024 and it does so, as has been the tradition, with the start of the Vertical Climb, an always spectacular race, which will take place tomorrow (May 9th) from 17.00 hours. Starting at the Puerto de Tazacorte and finishing at the Torre de El Time, the Transvulcania &#8230; <a title=\"The Vertical Climb inaugurates the competition in the Transvulcania adidas Terrex 2024\" class=\"read-more\" href=\"https:\/\/transvulcania.com\/en\/the-vertical-climb-inaugurates-the-competition-in-the-transvulcania-adidas-terrex-2024\/\" aria-label=\"Read more about The Vertical Climb inaugurates the competition in the Transvulcania adidas Terrex 2024\">Read more<\/a><\/p>\n","protected":false},"author":3,"featured_media":4148,"comment_status":"closed","ping_status":"closed","sticky":false,"template":"","format":"standard","meta":{"footnotes":""},"categories":[24],"tags":[],"class_list":["post-4150","post","type-post","status-publish","format-standard","has-post-thumbnail","hentry","category-news"],"yoast_head":"<!-- This site is optimized with the Yoast SEO Premium plugin v21.2 (Yoast SEO v21.2) - https:\/\/yoast.com\/wordpress\/plugins\/seo\/ -->\n<title>The Vertical Climb inaugurates the competition in the Transvulcania adidas Terrex 2024 - Transvulcania Terrex 2025 - Ultramarathon La Palma<\/title>\n<meta name=\"robots\" content=\"index, follow, max-snippet:-1, max-image-preview:large, max-video-preview:-1\" \/>\n<link rel=\"canonical\" href=\"https:\/\/transvulcania.com\/en\/the-vertical-climb-inaugurates-the-competition-in-the-transvulcania-adidas-terrex-2024\/\" \/>\n<meta property=\"og:locale\" content=\"en_US\" \/>\n<meta property=\"og:type\" content=\"article\" \/>\n<meta property=\"og:title\" content=\"The Vertical Climb inaugurates the competition in the Transvulcania adidas Terrex 2024\" \/>\n<meta property=\"og:description\" content=\"The action starts in the Transvulcania adidas Terrex 2024 and it does so, as has been the tradition, with the start of the Vertical Climb, an always spectacular race, which will take place tomorrow (May 9th) from 17.00 hours. Starting at the Puerto de Tazacorte and finishing at the Torre de El Time, the Transvulcania ... Read more\" \/>\n<meta property=\"og:url\" content=\"https:\/\/transvulcania.com\/en\/the-vertical-climb-inaugurates-the-competition-in-the-transvulcania-adidas-terrex-2024\/\" \/>\n<meta property=\"og:site_name\" content=\"Transvulcania Terrex 2025 - Ultramarathon La Palma\" \/>\n<meta property=\"article:published_time\" content=\"2024-05-09T05:18:55+00:00\" \/>\n<meta property=\"article:modified_time\" content=\"2024-05-09T05:21:46+00:00\" \/>\n<meta property=\"og:image\" content=\"https:\/\/transvulcania.com\/wp-content\/uploads\/2024\/05\/FOTO-SUBIDA-KILOMETRO-VERTICAL-1.jpg\" \/>\n\t<meta property=\"og:image:width\" content=\"1000\" \/>\n\t<meta property=\"og:image:height\" content=\"672\" \/>\n\t<meta property=\"og:image:type\" content=\"image\/jpeg\" \/>\n<meta name=\"author\" content=\"Sodepal Sodepal\" \/>\n<meta name=\"twitter:card\" content=\"summary_large_image\" \/>\n<meta name=\"twitter:label1\" content=\"Written by\" \/>\n\t<meta name=\"twitter:data1\" content=\"Sodepal Sodepal\" \/>\n\t<meta name=\"twitter:label2\" content=\"Est. reading time\" \/>\n\t<meta name=\"twitter:data2\" content=\"2 minutes\" \/>\n<script type=\"application\/ld+json\" class=\"yoast-schema-graph\">{\"@context\":\"https:\/\/schema.org\",\"@graph\":[{\"@type\":\"Article\",\"@id\":\"https:\/\/transvulcania.com\/en\/the-vertical-climb-inaugurates-the-competition-in-the-transvulcania-adidas-terrex-2024\/#article\",\"isPartOf\":{\"@id\":\"https:\/\/transvulcania.com\/en\/the-vertical-climb-inaugurates-the-competition-in-the-transvulcania-adidas-terrex-2024\/\"},\"author\":{\"name\":\"Sodepal Sodepal\",\"@id\":\"https:\/\/transvulcania.com\/en\/#\/schema\/person\/e5750218fa698597dbae118e7669e0c7\"},\"headline\":\"The Vertical Climb inaugurates the competition in the Transvulcania adidas Terrex 2024\",\"datePublished\":\"2024-05-09T05:18:55+00:00\",\"dateModified\":\"2024-05-09T05:21:46+00:00\",\"mainEntityOfPage\":{\"@id\":\"https:\/\/transvulcania.com\/en\/the-vertical-climb-inaugurates-the-competition-in-the-transvulcania-adidas-terrex-2024\/\"},\"wordCount\":297,\"publisher\":{\"@id\":\"https:\/\/transvulcania.com\/en\/#organization\"},\"articleSection\":[\"News\"],\"inLanguage\":\"en-US\"},{\"@type\":\"WebPage\",\"@id\":\"https:\/\/transvulcania.com\/en\/the-vertical-climb-inaugurates-the-competition-in-the-transvulcania-adidas-terrex-2024\/\",\"url\":\"https:\/\/transvulcania.com\/en\/the-vertical-climb-inaugurates-the-competition-in-the-transvulcania-adidas-terrex-2024\/\",\"name\":\"The Vertical Climb inaugurates the competition in the Transvulcania adidas Terrex 2024 - Transvulcania Terrex 2025 - Ultramarathon La Palma\",\"isPartOf\":{\"@id\":\"https:\/\/transvulcania.com\/en\/#website\"},\"datePublished\":\"2024-05-09T05:18:55+00:00\",\"dateModified\":\"2024-05-09T05:21:46+00:00\",\"breadcrumb\":{\"@id\":\"https:\/\/transvulcania.com\/en\/the-vertical-climb-inaugurates-the-competition-in-the-transvulcania-adidas-terrex-2024\/#breadcrumb\"},\"inLanguage\":\"en-US\",\"potentialAction\":[{\"@type\":\"ReadAction\",\"target\":[\"https:\/\/transvulcania.com\/en\/the-vertical-climb-inaugurates-the-competition-in-the-transvulcania-adidas-terrex-2024\/\"]}]},{\"@type\":\"BreadcrumbList\",\"@id\":\"https:\/\/transvulcania.com\/en\/the-vertical-climb-inaugurates-the-competition-in-the-transvulcania-adidas-terrex-2024\/#breadcrumb\",\"itemListElement\":[{\"@type\":\"ListItem\",\"position\":1,\"name\":\"Home\",\"item\":\"https:\/\/transvulcania.com\/en\/\"},{\"@type\":\"ListItem\",\"position\":2,\"name\":\"The Vertical Climb inaugurates the competition in the Transvulcania adidas Terrex 2024\"}]},{\"@type\":\"WebSite\",\"@id\":\"https:\/\/transvulcania.com\/en\/#website\",\"url\":\"https:\/\/transvulcania.com\/en\/\",\"name\":\"Transvulcania Terrex 2025 - Ultramarathon La Palma\",\"description\":\"Transvulcania 2025 - Es la XV Edici\u00f3n de la Ultramarat\u00f3n de monta\u00f1a de la Isla La Palma\",\"publisher\":{\"@id\":\"https:\/\/transvulcania.com\/en\/#organization\"},\"potentialAction\":[{\"@type\":\"SearchAction\",\"target\":{\"@type\":\"EntryPoint\",\"urlTemplate\":\"https:\/\/transvulcania.com\/en\/?s={search_term_string}\"},\"query-input\":\"required name=search_term_string\"}],\"inLanguage\":\"en-US\"},{\"@type\":\"Organization\",\"@id\":\"https:\/\/transvulcania.com\/en\/#organization\",\"name\":\"Transvulcania Terrex 2025 - Ultramarathon La Palma\",\"url\":\"https:\/\/transvulcania.com\/en\/\",\"logo\":{\"@type\":\"ImageObject\",\"inLanguage\":\"en-US\",\"@id\":\"https:\/\/transvulcania.com\/en\/#\/schema\/logo\/image\/\",\"url\":\"https:\/\/transvulcania.com\/wp-content\/uploads\/2024\/03\/Logo_Transvulcania_Terrex.png\",\"contentUrl\":\"https:\/\/transvulcania.com\/wp-content\/uploads\/2024\/03\/Logo_Transvulcania_Terrex.png\",\"width\":431,\"height\":552,\"caption\":\"Transvulcania Terrex 2025 - Ultramarathon La Palma\"},\"image\":{\"@id\":\"https:\/\/transvulcania.com\/en\/#\/schema\/logo\/image\/\"}},{\"@type\":\"Person\",\"@id\":\"https:\/\/transvulcania.com\/en\/#\/schema\/person\/e5750218fa698597dbae118e7669e0c7\",\"name\":\"Sodepal Sodepal\",\"url\":\"https:\/\/transvulcania.com\/en\/author\/sodepal\/\"}]}<\/script>\n<!-- \/ Yoast SEO Premium plugin. -->","yoast_head_json":{"title":"The Vertical Climb inaugurates the competition in the Transvulcania adidas Terrex 2024 - Transvulcania Terrex 2025 - Ultramarathon La Palma","robots":{"index":"index","follow":"follow","max-snippet":"max-snippet:-1","max-image-preview":"max-image-preview:large","max-video-preview":"max-video-preview:-1"},"canonical":"https:\/\/transvulcania.com\/en\/the-vertical-climb-inaugurates-the-competition-in-the-transvulcania-adidas-terrex-2024\/","og_locale":"en_US","og_type":"article","og_title":"The Vertical Climb inaugurates the competition in the Transvulcania adidas Terrex 2024","og_description":"The action starts in the Transvulcania adidas Terrex 2024 and it does so, as has been the tradition, with the start of the Vertical Climb, an always spectacular race, which will take place tomorrow (May 9th) from 17.00 hours. Starting at the Puerto de Tazacorte and finishing at the Torre de El Time, the Transvulcania ... Read more","og_url":"https:\/\/transvulcania.com\/en\/the-vertical-climb-inaugurates-the-competition-in-the-transvulcania-adidas-terrex-2024\/","og_site_name":"Transvulcania Terrex 2025 - Ultramarathon La Palma","article_published_time":"2024-05-09T05:18:55+00:00","article_modified_time":"2024-05-09T05:21:46+00:00","og_image":[{"width":1000,"height":672,"url":"https:\/\/transvulcania.com\/wp-content\/uploads\/2024\/05\/FOTO-SUBIDA-KILOMETRO-VERTICAL-1.jpg","type":"image\/jpeg"}],"author":"Sodepal Sodepal","twitter_card":"summary_large_image","twitter_misc":{"Written by":"Sodepal Sodepal","Est. reading time":"2 minutes"},"schema":{"@context":"https:\/\/schema.org","@graph":[{"@type":"Article","@id":"https:\/\/transvulcania.com\/en\/the-vertical-climb-inaugurates-the-competition-in-the-transvulcania-adidas-terrex-2024\/#article","isPartOf":{"@id":"https:\/\/transvulcania.com\/en\/the-vertical-climb-inaugurates-the-competition-in-the-transvulcania-adidas-terrex-2024\/"},"author":{"name":"Sodepal Sodepal","@id":"https:\/\/transvulcania.com\/en\/#\/schema\/person\/e5750218fa698597dbae118e7669e0c7"},"headline":"The Vertical Climb inaugurates the competition in the Transvulcania adidas Terrex 2024","datePublished":"2024-05-09T05:18:55+00:00","dateModified":"2024-05-09T05:21:46+00:00","mainEntityOfPage":{"@id":"https:\/\/transvulcania.com\/en\/the-vertical-climb-inaugurates-the-competition-in-the-transvulcania-adidas-terrex-2024\/"},"wordCount":297,"publisher":{"@id":"https:\/\/transvulcania.com\/en\/#organization"},"articleSection":["News"],"inLanguage":"en-US"},{"@type":"WebPage","@id":"https:\/\/transvulcania.com\/en\/the-vertical-climb-inaugurates-the-competition-in-the-transvulcania-adidas-terrex-2024\/","url":"https:\/\/transvulcania.com\/en\/the-vertical-climb-inaugurates-the-competition-in-the-transvulcania-adidas-terrex-2024\/","name":"The Vertical Climb inaugurates the competition in the Transvulcania adidas Terrex 2024 - Transvulcania Terrex 2025 - Ultramarathon La Palma","isPartOf":{"@id":"https:\/\/transvulcania.com\/en\/#website"},"datePublished":"2024-05-09T05:18:55+00:00","dateModified":"2024-05-09T05:21:46+00:00","breadcrumb":{"@id":"https:\/\/transvulcania.com\/en\/the-vertical-climb-inaugurates-the-competition-in-the-transvulcania-adidas-terrex-2024\/#breadcrumb"},"inLanguage":"en-US","potentialAction":[{"@type":"ReadAction","target":["https:\/\/transvulcania.com\/en\/the-vertical-climb-inaugurates-the-competition-in-the-transvulcania-adidas-terrex-2024\/"]}]},{"@type":"BreadcrumbList","@id":"https:\/\/transvulcania.com\/en\/the-vertical-climb-inaugurates-the-competition-in-the-transvulcania-adidas-terrex-2024\/#breadcrumb","itemListElement":[{"@type":"ListItem","position":1,"name":"Home","item":"https:\/\/transvulcania.com\/en\/"},{"@type":"ListItem","position":2,"name":"The Vertical Climb inaugurates the competition in the Transvulcania adidas Terrex 2024"}]},{"@type":"WebSite","@id":"https:\/\/transvulcania.com\/en\/#website","url":"https:\/\/transvulcania.com\/en\/","name":"Transvulcania Terrex 2025 - Ultramarathon La Palma","description":"Transvulcania 2025 - Es la XV Edici\u00f3n de la Ultramarat\u00f3n de monta\u00f1a de la Isla La Palma","publisher":{"@id":"https:\/\/transvulcania.com\/en\/#organization"},"potentialAction":[{"@type":"SearchAction","target":{"@type":"EntryPoint","urlTemplate":"https:\/\/transvulcania.com\/en\/?s={search_term_string}"},"query-input":"required name=search_term_string"}],"inLanguage":"en-US"},{"@type":"Organization","@id":"https:\/\/transvulcania.com\/en\/#organization","name":"Transvulcania Terrex 2025 - Ultramarathon La Palma","url":"https:\/\/transvulcania.com\/en\/","logo":{"@type":"ImageObject","inLanguage":"en-US","@id":"https:\/\/transvulcania.com\/en\/#\/schema\/logo\/image\/","url":"https:\/\/transvulcania.com\/wp-content\/uploads\/2024\/03\/Logo_Transvulcania_Terrex.png","contentUrl":"https:\/\/transvulcania.com\/wp-content\/uploads\/2024\/03\/Logo_Transvulcania_Terrex.png","width":431,"height":552,"caption":"Transvulcania Terrex 2025 - Ultramarathon La Palma"},"image":{"@id":"https:\/\/transvulcania.com\/en\/#\/schema\/logo\/image\/"}},{"@type":"Person","@id":"https:\/\/transvulcania.com\/en\/#\/schema\/person\/e5750218fa698597dbae118e7669e0c7","name":"Sodepal Sodepal","url":"https:\/\/transvulcania.com\/en\/author\/sodepal\/"}]}},"_links":{"self":[{"href":"https:\/\/transvulcania.com\/en\/wp-json\/wp\/v2\/posts\/4150","targetHints":{"allow":["GET"]}}],"collection":[{"href":"https:\/\/transvulcania.com\/en\/wp-json\/wp\/v2\/posts"}],"about":[{"href":"https:\/\/transvulcania.com\/en\/wp-json\/wp\/v2\/types\/post"}],"author":[{"embeddable":true,"href":"https:\/\/transvulcania.com\/en\/wp-json\/wp\/v2\/users\/3"}],"replies":[{"embeddable":true,"href":"https:\/\/transvulcania.com\/en\/wp-json\/wp\/v2\/comments?post=4150"}],"version-history":[{"count":0,"href":"https:\/\/transvulcania.com\/en\/wp-json\/wp\/v2\/posts\/4150\/revisions"}],"wp:featuredmedia":[{"embeddable":true,"href":"https:\/\/transvulcania.com\/en\/wp-json\/wp\/v2\/media\/4148"}],"wp:attachment":[{"href":"https:\/\/transvulcania.com\/en\/wp-json\/wp\/v2\/media?parent=4150"}],"wp:term":[{"taxonomy":"category","embeddable":true,"href":"https:\/\/transvulcania.com\/en\/wp-json\/wp\/v2\/categories?post=4150"},{"taxonomy":"post_tag","embeddable":true,"href":"https:\/\/transvulcania.com\/en\/wp-json\/wp\/v2\/tags?post=4150"}],"curies":[{"name":"wp","href":"https:\/\/api.w.org\/{rel}","templated":true}]}}