{"id":4141,"date":"2024-05-09T06:12:26","date_gmt":"2024-05-09T05:12:26","guid":{"rendered":"https:\/\/transvulcania.com\/?p=4141"},"modified":"2024-05-09T06:14:24","modified_gmt":"2024-05-09T05:14:24","slug":"the-adidas-terrex-transvulcania-inaugurates-a-high-level-runners-fair","status":"publish","type":"post","link":"https:\/\/transvulcania.com\/en\/the-adidas-terrex-transvulcania-inaugurates-a-high-level-runners-fair\/","title":{"rendered":"The Transvulcania adidas Terrex inaugurates a high-level runner&#8217;s fair"},"content":{"rendered":"\n<p>The 2024 edition of the Transvulcania adidas Terrex met another of its protocols that announce that everything is already underway. The race inaugurated its runner&#8217;s fair in an open-air space set up in the Plaza de Juan Pablo II, in Los Llanos de Aridane, where the participating athletes will have to go to pick up their bibs for the different modalities programmed.<\/p>\n\n\n\n<p>The first number bibs were handed out today from 12.00 to 21.00 hours and the space will continue to host this protocol and exciting ceremony tomorrow, Thursday, from 10.00 to 21.00 hours and on Friday, the day before the Half Marathon, the Marathon and the Ultra Marathon, from 10.00 to 21.00 hours.<\/p>\n\n\n\n<p>The open-air fair also has different stands, including the main sponsor of the Isla Bonita race, adidas Terrex, which offers all its new products in terms of footwear, clothing and special accessories for mountain races.<\/p>\n\n\n\n<p>Los aficionados tuvieron la oportunidad de participar en un encuentro con los atletas del equipo adidas Terrex que tendr\u00e1n protagonismo en esta edici\u00f3n de la Transvulcania. Lo hicieron dentro de un ambiente distendido y en un acto que finaliz\u00f3 con el sorteo de productos de la firma alemana.<br>Ma\u00f1ana, jueves, se repetir\u00e1 la experiencia con una charla en la que volver\u00e1n a participar algunos de los representantes del equipo profesional de trail running de adidas Terrex que se celebrar\u00e1 de 15.00 a 16.00 horas en el recinto de la Plaza de Juan Pablo II.<\/p>\n\n\n\n<p>Adem\u00e1s, la feria del corredor cuenta tambi\u00e9n con otros espacios dedicados a diferentes marcas y a la promoci\u00f3n de diversos eventos adem\u00e1s de stands de asesoramiento para encontrar el mejor rendimiento deportivo de cada corredor.<\/p>\n","protected":false},"excerpt":{"rendered":"<p>The 2024 edition of the Transvulcania adidas Terrex met another of its protocols that announce that everything is already underway. The race inaugurated its runner&#8217;s fair in an open-air space set up in the Plaza de Juan Pablo II, in Los Llanos de Aridane, where the participating athletes will have to go to pick up &#8230; <a title=\"The Transvulcania adidas Terrex inaugurates a high-level runner&#8217;s fair\" class=\"read-more\" href=\"https:\/\/transvulcania.com\/en\/the-adidas-terrex-transvulcania-inaugurates-a-high-level-runners-fair\/\" aria-label=\"Read more about The Transvulcania adidas Terrex inaugurates a high-level runner&#8217;s fair\">Read more<\/a><\/p>\n","protected":false},"author":3,"featured_media":4131,"comment_status":"closed","ping_status":"closed","sticky":false,"template":"","format":"standard","meta":{"footnotes":""},"categories":[24],"tags":[],"class_list":["post-4141","post","type-post","status-publish","format-standard","has-post-thumbnail","hentry","category-news"],"yoast_head":"<!-- This site is optimized with the Yoast SEO Premium plugin v21.2 (Yoast SEO v21.2) - https:\/\/yoast.com\/wordpress\/plugins\/seo\/ -->\n<title>The Transvulcania adidas Terrex inaugurates a high-level runner&#039;s fair - Transvulcania Terrex 2025 - Ultramarathon La Palma<\/title>\n<meta name=\"robots\" content=\"index, follow, max-snippet:-1, max-image-preview:large, max-video-preview:-1\" \/>\n<link rel=\"canonical\" href=\"https:\/\/transvulcania.com\/en\/the-adidas-terrex-transvulcania-inaugurates-a-high-level-runners-fair\/\" \/>\n<meta property=\"og:locale\" content=\"en_US\" \/>\n<meta property=\"og:type\" content=\"article\" \/>\n<meta property=\"og:title\" content=\"The Transvulcania adidas Terrex inaugurates a high-level runner&#039;s fair\" \/>\n<meta property=\"og:description\" content=\"The 2024 edition of the Transvulcania adidas Terrex met another of its protocols that announce that everything is already underway. The race inaugurated its runner&#8217;s fair in an open-air space set up in the Plaza de Juan Pablo II, in Los Llanos de Aridane, where the participating athletes will have to go to pick up ... Read more\" \/>\n<meta property=\"og:url\" content=\"https:\/\/transvulcania.com\/en\/the-adidas-terrex-transvulcania-inaugurates-a-high-level-runners-fair\/\" \/>\n<meta property=\"og:site_name\" content=\"Transvulcania Terrex 2025 - Ultramarathon La Palma\" \/>\n<meta property=\"article:published_time\" content=\"2024-05-09T05:12:26+00:00\" \/>\n<meta property=\"article:modified_time\" content=\"2024-05-09T05:14:24+00:00\" \/>\n<meta property=\"og:image\" content=\"https:\/\/transvulcania.com\/wp-content\/uploads\/2024\/05\/FOTO_GRUPO_FERIA.jpg\" \/>\n\t<meta property=\"og:image:width\" content=\"2048\" \/>\n\t<meta property=\"og:image:height\" content=\"1365\" \/>\n\t<meta property=\"og:image:type\" content=\"image\/jpeg\" \/>\n<meta name=\"author\" content=\"Sodepal Sodepal\" \/>\n<meta name=\"twitter:card\" content=\"summary_large_image\" \/>\n<meta name=\"twitter:label1\" content=\"Written by\" \/>\n\t<meta name=\"twitter:data1\" content=\"Sodepal Sodepal\" \/>\n\t<meta name=\"twitter:label2\" content=\"Est. reading time\" \/>\n\t<meta name=\"twitter:data2\" content=\"2 minutes\" \/>\n<script type=\"application\/ld+json\" class=\"yoast-schema-graph\">{\"@context\":\"https:\/\/schema.org\",\"@graph\":[{\"@type\":\"Article\",\"@id\":\"https:\/\/transvulcania.com\/en\/the-adidas-terrex-transvulcania-inaugurates-a-high-level-runners-fair\/#article\",\"isPartOf\":{\"@id\":\"https:\/\/transvulcania.com\/en\/the-adidas-terrex-transvulcania-inaugurates-a-high-level-runners-fair\/\"},\"author\":{\"name\":\"Sodepal Sodepal\",\"@id\":\"https:\/\/transvulcania.com\/en\/#\/schema\/person\/e5750218fa698597dbae118e7669e0c7\"},\"headline\":\"The Transvulcania adidas Terrex inaugurates a high-level runner&#8217;s fair\",\"datePublished\":\"2024-05-09T05:12:26+00:00\",\"dateModified\":\"2024-05-09T05:14:24+00:00\",\"mainEntityOfPage\":{\"@id\":\"https:\/\/transvulcania.com\/en\/the-adidas-terrex-transvulcania-inaugurates-a-high-level-runners-fair\/\"},\"wordCount\":288,\"publisher\":{\"@id\":\"https:\/\/transvulcania.com\/en\/#organization\"},\"articleSection\":[\"News\"],\"inLanguage\":\"en-US\"},{\"@type\":\"WebPage\",\"@id\":\"https:\/\/transvulcania.com\/en\/the-adidas-terrex-transvulcania-inaugurates-a-high-level-runners-fair\/\",\"url\":\"https:\/\/transvulcania.com\/en\/the-adidas-terrex-transvulcania-inaugurates-a-high-level-runners-fair\/\",\"name\":\"The Transvulcania adidas Terrex inaugurates a high-level runner's fair - Transvulcania Terrex 2025 - Ultramarathon La Palma\",\"isPartOf\":{\"@id\":\"https:\/\/transvulcania.com\/en\/#website\"},\"datePublished\":\"2024-05-09T05:12:26+00:00\",\"dateModified\":\"2024-05-09T05:14:24+00:00\",\"breadcrumb\":{\"@id\":\"https:\/\/transvulcania.com\/en\/the-adidas-terrex-transvulcania-inaugurates-a-high-level-runners-fair\/#breadcrumb\"},\"inLanguage\":\"en-US\",\"potentialAction\":[{\"@type\":\"ReadAction\",\"target\":[\"https:\/\/transvulcania.com\/en\/the-adidas-terrex-transvulcania-inaugurates-a-high-level-runners-fair\/\"]}]},{\"@type\":\"BreadcrumbList\",\"@id\":\"https:\/\/transvulcania.com\/en\/the-adidas-terrex-transvulcania-inaugurates-a-high-level-runners-fair\/#breadcrumb\",\"itemListElement\":[{\"@type\":\"ListItem\",\"position\":1,\"name\":\"Home\",\"item\":\"https:\/\/transvulcania.com\/en\/\"},{\"@type\":\"ListItem\",\"position\":2,\"name\":\"The Transvulcania adidas Terrex inaugurates a high-level runner&#8217;s fair\"}]},{\"@type\":\"WebSite\",\"@id\":\"https:\/\/transvulcania.com\/en\/#website\",\"url\":\"https:\/\/transvulcania.com\/en\/\",\"name\":\"Transvulcania Terrex 2025 - Ultramarathon La Palma\",\"description\":\"Transvulcania 2025 - Es la XV Edici\u00f3n de la Ultramarat\u00f3n de monta\u00f1a de la Isla La Palma\",\"publisher\":{\"@id\":\"https:\/\/transvulcania.com\/en\/#organization\"},\"potentialAction\":[{\"@type\":\"SearchAction\",\"target\":{\"@type\":\"EntryPoint\",\"urlTemplate\":\"https:\/\/transvulcania.com\/en\/?s={search_term_string}\"},\"query-input\":\"required name=search_term_string\"}],\"inLanguage\":\"en-US\"},{\"@type\":\"Organization\",\"@id\":\"https:\/\/transvulcania.com\/en\/#organization\",\"name\":\"Transvulcania Terrex 2025 - Ultramarathon La Palma\",\"url\":\"https:\/\/transvulcania.com\/en\/\",\"logo\":{\"@type\":\"ImageObject\",\"inLanguage\":\"en-US\",\"@id\":\"https:\/\/transvulcania.com\/en\/#\/schema\/logo\/image\/\",\"url\":\"https:\/\/transvulcania.com\/wp-content\/uploads\/2024\/03\/Logo_Transvulcania_Terrex.png\",\"contentUrl\":\"https:\/\/transvulcania.com\/wp-content\/uploads\/2024\/03\/Logo_Transvulcania_Terrex.png\",\"width\":431,\"height\":552,\"caption\":\"Transvulcania Terrex 2025 - Ultramarathon La Palma\"},\"image\":{\"@id\":\"https:\/\/transvulcania.com\/en\/#\/schema\/logo\/image\/\"}},{\"@type\":\"Person\",\"@id\":\"https:\/\/transvulcania.com\/en\/#\/schema\/person\/e5750218fa698597dbae118e7669e0c7\",\"name\":\"Sodepal Sodepal\",\"url\":\"https:\/\/transvulcania.com\/en\/author\/sodepal\/\"}]}<\/script>\n<!-- \/ Yoast SEO Premium plugin. -->","yoast_head_json":{"title":"The Transvulcania adidas Terrex inaugurates a high-level runner's fair - Transvulcania Terrex 2025 - Ultramarathon La Palma","robots":{"index":"index","follow":"follow","max-snippet":"max-snippet:-1","max-image-preview":"max-image-preview:large","max-video-preview":"max-video-preview:-1"},"canonical":"https:\/\/transvulcania.com\/en\/the-adidas-terrex-transvulcania-inaugurates-a-high-level-runners-fair\/","og_locale":"en_US","og_type":"article","og_title":"The Transvulcania adidas Terrex inaugurates a high-level runner's fair","og_description":"The 2024 edition of the Transvulcania adidas Terrex met another of its protocols that announce that everything is already underway. The race inaugurated its runner&#8217;s fair in an open-air space set up in the Plaza de Juan Pablo II, in Los Llanos de Aridane, where the participating athletes will have to go to pick up ... Read more","og_url":"https:\/\/transvulcania.com\/en\/the-adidas-terrex-transvulcania-inaugurates-a-high-level-runners-fair\/","og_site_name":"Transvulcania Terrex 2025 - Ultramarathon La Palma","article_published_time":"2024-05-09T05:12:26+00:00","article_modified_time":"2024-05-09T05:14:24+00:00","og_image":[{"width":2048,"height":1365,"url":"https:\/\/transvulcania.com\/wp-content\/uploads\/2024\/05\/FOTO_GRUPO_FERIA.jpg","type":"image\/jpeg"}],"author":"Sodepal Sodepal","twitter_card":"summary_large_image","twitter_misc":{"Written by":"Sodepal Sodepal","Est. reading time":"2 minutes"},"schema":{"@context":"https:\/\/schema.org","@graph":[{"@type":"Article","@id":"https:\/\/transvulcania.com\/en\/the-adidas-terrex-transvulcania-inaugurates-a-high-level-runners-fair\/#article","isPartOf":{"@id":"https:\/\/transvulcania.com\/en\/the-adidas-terrex-transvulcania-inaugurates-a-high-level-runners-fair\/"},"author":{"name":"Sodepal Sodepal","@id":"https:\/\/transvulcania.com\/en\/#\/schema\/person\/e5750218fa698597dbae118e7669e0c7"},"headline":"The Transvulcania adidas Terrex inaugurates a high-level runner&#8217;s fair","datePublished":"2024-05-09T05:12:26+00:00","dateModified":"2024-05-09T05:14:24+00:00","mainEntityOfPage":{"@id":"https:\/\/transvulcania.com\/en\/the-adidas-terrex-transvulcania-inaugurates-a-high-level-runners-fair\/"},"wordCount":288,"publisher":{"@id":"https:\/\/transvulcania.com\/en\/#organization"},"articleSection":["News"],"inLanguage":"en-US"},{"@type":"WebPage","@id":"https:\/\/transvulcania.com\/en\/the-adidas-terrex-transvulcania-inaugurates-a-high-level-runners-fair\/","url":"https:\/\/transvulcania.com\/en\/the-adidas-terrex-transvulcania-inaugurates-a-high-level-runners-fair\/","name":"The Transvulcania adidas Terrex inaugurates a high-level runner's fair - Transvulcania Terrex 2025 - Ultramarathon La Palma","isPartOf":{"@id":"https:\/\/transvulcania.com\/en\/#website"},"datePublished":"2024-05-09T05:12:26+00:00","dateModified":"2024-05-09T05:14:24+00:00","breadcrumb":{"@id":"https:\/\/transvulcania.com\/en\/the-adidas-terrex-transvulcania-inaugurates-a-high-level-runners-fair\/#breadcrumb"},"inLanguage":"en-US","potentialAction":[{"@type":"ReadAction","target":["https:\/\/transvulcania.com\/en\/the-adidas-terrex-transvulcania-inaugurates-a-high-level-runners-fair\/"]}]},{"@type":"BreadcrumbList","@id":"https:\/\/transvulcania.com\/en\/the-adidas-terrex-transvulcania-inaugurates-a-high-level-runners-fair\/#breadcrumb","itemListElement":[{"@type":"ListItem","position":1,"name":"Home","item":"https:\/\/transvulcania.com\/en\/"},{"@type":"ListItem","position":2,"name":"The Transvulcania adidas Terrex inaugurates a high-level runner&#8217;s fair"}]},{"@type":"WebSite","@id":"https:\/\/transvulcania.com\/en\/#website","url":"https:\/\/transvulcania.com\/en\/","name":"Transvulcania Terrex 2025 - Ultramarathon La Palma","description":"Transvulcania 2025 - Es la XV Edici\u00f3n de la Ultramarat\u00f3n de monta\u00f1a de la Isla La Palma","publisher":{"@id":"https:\/\/transvulcania.com\/en\/#organization"},"potentialAction":[{"@type":"SearchAction","target":{"@type":"EntryPoint","urlTemplate":"https:\/\/transvulcania.com\/en\/?s={search_term_string}"},"query-input":"required name=search_term_string"}],"inLanguage":"en-US"},{"@type":"Organization","@id":"https:\/\/transvulcania.com\/en\/#organization","name":"Transvulcania Terrex 2025 - Ultramarathon La Palma","url":"https:\/\/transvulcania.com\/en\/","logo":{"@type":"ImageObject","inLanguage":"en-US","@id":"https:\/\/transvulcania.com\/en\/#\/schema\/logo\/image\/","url":"https:\/\/transvulcania.com\/wp-content\/uploads\/2024\/03\/Logo_Transvulcania_Terrex.png","contentUrl":"https:\/\/transvulcania.com\/wp-content\/uploads\/2024\/03\/Logo_Transvulcania_Terrex.png","width":431,"height":552,"caption":"Transvulcania Terrex 2025 - Ultramarathon La Palma"},"image":{"@id":"https:\/\/transvulcania.com\/en\/#\/schema\/logo\/image\/"}},{"@type":"Person","@id":"https:\/\/transvulcania.com\/en\/#\/schema\/person\/e5750218fa698597dbae118e7669e0c7","name":"Sodepal Sodepal","url":"https:\/\/transvulcania.com\/en\/author\/sodepal\/"}]}},"_links":{"self":[{"href":"https:\/\/transvulcania.com\/en\/wp-json\/wp\/v2\/posts\/4141","targetHints":{"allow":["GET"]}}],"collection":[{"href":"https:\/\/transvulcania.com\/en\/wp-json\/wp\/v2\/posts"}],"about":[{"href":"https:\/\/transvulcania.com\/en\/wp-json\/wp\/v2\/types\/post"}],"author":[{"embeddable":true,"href":"https:\/\/transvulcania.com\/en\/wp-json\/wp\/v2\/users\/3"}],"replies":[{"embeddable":true,"href":"https:\/\/transvulcania.com\/en\/wp-json\/wp\/v2\/comments?post=4141"}],"version-history":[{"count":0,"href":"https:\/\/transvulcania.com\/en\/wp-json\/wp\/v2\/posts\/4141\/revisions"}],"wp:featuredmedia":[{"embeddable":true,"href":"https:\/\/transvulcania.com\/en\/wp-json\/wp\/v2\/media\/4131"}],"wp:attachment":[{"href":"https:\/\/transvulcania.com\/en\/wp-json\/wp\/v2\/media?parent=4141"}],"wp:term":[{"taxonomy":"category","embeddable":true,"href":"https:\/\/transvulcania.com\/en\/wp-json\/wp\/v2\/categories?post=4141"},{"taxonomy":"post_tag","embeddable":true,"href":"https:\/\/transvulcania.com\/en\/wp-json\/wp\/v2\/tags?post=4141"}],"curies":[{"name":"wp","href":"https:\/\/api.w.org\/{rel}","templated":true}]}}