{"id":4138,"date":"2024-05-09T05:56:17","date_gmt":"2024-05-09T04:56:17","guid":{"rendered":"https:\/\/transvulcania.com\/?p=4138"},"modified":"2024-05-09T06:09:34","modified_gmt":"2024-05-09T05:09:34","slug":"la-palma-recaptures-the-legendary-spirit-of-the-transvulcania-adidas-terrex","status":"publish","type":"post","link":"https:\/\/transvulcania.com\/en\/la-palma-recaptures-the-legendary-spirit-of-the-transvulcania-adidas-terrex\/","title":{"rendered":"La Palma recaptures the legendary spirit of the Transvulcania adidas Terrex"},"content":{"rendered":"\n<p>The Transvulcania adidas Terrex 2024 is already underway. The race was presented at the emblematic finish line of Los Llanos de Aridane in an exciting and exciting event where the people of La Palma are once again the protagonists of a race that recovers its spirit and identity.<\/p>\n\n\n\n<p>The speeches of the protagonists of the presentation ceremony presided over by the president of the Cabildo Insular de La Palma, Sergio Rodr\u00edguez, who was accompanied by the mayors of El Paso and Tazacorte, Eloy Mart\u00edn and Manuel Gonz\u00e1lez, as well as the deputy mayor of Los Llanos de Aridane, V\u00edctor Gonz\u00e1lez, the representative of the sponsor of the event, Robert Muecke, the runners of the Adidas Terrex team, Luis Alberto Hernando, Ruth Croft and Pablo Villa, the Sports Councillor of the Cabildo Insular de La Palma, Jurguen Hern\u00e1ndez and the CEO of Sodepal, Miriam Perestelo.<\/p>\n\n\n\n<p>They all agreed on the excitement generated by this edition of the Transvulcania adidas Terrex, which is once again in the organisational hands of the people of La Palma and which has raised an unusual expectation among the inhabitants of the Isla Bonita after having lost for some time those signs of identity that made Transvulcania so different and such a reference point.<\/p>\n\n\n\n<p>The Transvulcania adidas Terrex 2024 is already underway. The race was presented at the emblematic finish line of Los Llanos de Aridane in an exciting and exciting event where the people of La Palma are once again the protagonists of a race that recovers its spirit and identity.<\/p>\n\n\n\n<p>The speeches of the protagonists of the presentation ceremony presided over by the president of the Cabildo Insular de La Palma, Sergio Rodr\u00edguez, who was accompanied by the mayors of El Paso and Tazacorte, Eloy Mart\u00edn and Manuel Gonz\u00e1lez, as well as the deputy mayor of Los Llanos de Aridane, V\u00edctor Gonz\u00e1lez, the representative of the sponsor of the event, Robert Muecke, the runners of the Adidas Terrex team, Luis Alberto Hernando, Ruth Croft and Pablo Villa, the Sports Councillor of the Cabildo Insular de La Palma, Jurguen Hern\u00e1ndez and the CEO of Sodepal, Miriam Perestelo.<\/p>\n\n\n\n<p>They all agreed on the excitement generated by this edition of the Transvulcania adidas Terrex, which is once again in the organisational hands of the people of La Palma and which has raised an unusual expectation among the inhabitants of the Isla Bonita after having lost for some time those signs of identity that made Transvulcania so different and such a reference point.<\/p>\n\n\n\n<p>The opening ceremony, prior to the start of the activity of the runner&#8217;s fair where the first bib numbers were handed out yesterday, was emotional and the enthusiasm of the people of La Palma for this 2024 edition was reflected in the faces of the protagonists.<\/p>\n\n\n\n<p>Sergio Rodr\u00edguez, president of the Cabildo Insular, said that he was very happy to be able to \u2018recover the essence\u2019 that established Transvulcania as one of the greatest trail running events in the world and to give it back to the people \u2018by recovering the original routes that had been modified in previous years\u2019.<\/p>\n\n\n\n<p>\u2018We knew that it was very important for the Marathon, for example, to finish again in Tazacorte and to recover the same routes as before because it is fundamental for the economic dynamization and for the repercussion of the race and we also knew the importance of allowing people to follow the race from places where in recent years it was not possible to get to, so that everyone who wants to can participate because the aim is to bring our race back to our people\u2019, pointed out Sergio Rodr\u00edguez.<\/p>\n","protected":false},"excerpt":{"rendered":"<p>The Transvulcania adidas Terrex 2024 is already underway. The race was presented at the emblematic finish line of Los Llanos de Aridane in an exciting and exciting event where the people of La Palma are once again the protagonists of a race that recovers its spirit and identity. The speeches of the protagonists of the &#8230; <a title=\"La Palma recaptures the legendary spirit of the Transvulcania adidas Terrex\" class=\"read-more\" href=\"https:\/\/transvulcania.com\/en\/la-palma-recaptures-the-legendary-spirit-of-the-transvulcania-adidas-terrex\/\" aria-label=\"Read more about La Palma recaptures the legendary spirit of the Transvulcania adidas Terrex\">Read more<\/a><\/p>\n","protected":false},"author":3,"featured_media":4135,"comment_status":"closed","ping_status":"closed","sticky":false,"template":"","format":"standard","meta":{"footnotes":""},"categories":[24,23],"tags":[],"class_list":["post-4138","post","type-post","status-publish","format-standard","has-post-thumbnail","hentry","category-news","category-noticias"],"yoast_head":"<!-- This site is optimized with the Yoast SEO Premium plugin v21.2 (Yoast SEO v21.2) - https:\/\/yoast.com\/wordpress\/plugins\/seo\/ -->\n<title>La Palma recaptures the legendary spirit of the Transvulcania adidas Terrex - Transvulcania Terrex 2025 - Ultramarathon La Palma<\/title>\n<meta name=\"robots\" content=\"index, follow, max-snippet:-1, max-image-preview:large, max-video-preview:-1\" \/>\n<link rel=\"canonical\" href=\"https:\/\/transvulcania.com\/en\/la-palma-recaptures-the-legendary-spirit-of-the-transvulcania-adidas-terrex\/\" \/>\n<meta property=\"og:locale\" content=\"en_US\" \/>\n<meta property=\"og:type\" content=\"article\" \/>\n<meta property=\"og:title\" content=\"La Palma recaptures the legendary spirit of the Transvulcania adidas Terrex\" \/>\n<meta property=\"og:description\" content=\"The Transvulcania adidas Terrex 2024 is already underway. The race was presented at the emblematic finish line of Los Llanos de Aridane in an exciting and exciting event where the people of La Palma are once again the protagonists of a race that recovers its spirit and identity. The speeches of the protagonists of the ... Read more\" \/>\n<meta property=\"og:url\" content=\"https:\/\/transvulcania.com\/en\/la-palma-recaptures-the-legendary-spirit-of-the-transvulcania-adidas-terrex\/\" \/>\n<meta property=\"og:site_name\" content=\"Transvulcania Terrex 2025 - Ultramarathon La Palma\" \/>\n<meta property=\"article:published_time\" content=\"2024-05-09T04:56:17+00:00\" \/>\n<meta property=\"article:modified_time\" content=\"2024-05-09T05:09:34+00:00\" \/>\n<meta property=\"og:image\" content=\"https:\/\/transvulcania.com\/wp-content\/uploads\/2024\/05\/FOTO_PRESENTACION.jpg\" \/>\n\t<meta property=\"og:image:width\" content=\"2048\" \/>\n\t<meta property=\"og:image:height\" content=\"1365\" \/>\n\t<meta property=\"og:image:type\" content=\"image\/jpeg\" \/>\n<meta name=\"author\" content=\"Sodepal Sodepal\" \/>\n<meta name=\"twitter:card\" content=\"summary_large_image\" \/>\n<meta name=\"twitter:label1\" content=\"Written by\" \/>\n\t<meta name=\"twitter:data1\" content=\"Sodepal Sodepal\" \/>\n\t<meta name=\"twitter:label2\" content=\"Est. reading time\" \/>\n\t<meta name=\"twitter:data2\" content=\"3 minutes\" \/>\n<script type=\"application\/ld+json\" class=\"yoast-schema-graph\">{\"@context\":\"https:\/\/schema.org\",\"@graph\":[{\"@type\":\"Article\",\"@id\":\"https:\/\/transvulcania.com\/en\/la-palma-recaptures-the-legendary-spirit-of-the-transvulcania-adidas-terrex\/#article\",\"isPartOf\":{\"@id\":\"https:\/\/transvulcania.com\/en\/la-palma-recaptures-the-legendary-spirit-of-the-transvulcania-adidas-terrex\/\"},\"author\":{\"name\":\"Sodepal Sodepal\",\"@id\":\"https:\/\/transvulcania.com\/en\/#\/schema\/person\/e5750218fa698597dbae118e7669e0c7\"},\"headline\":\"La Palma recaptures the legendary spirit of the Transvulcania adidas Terrex\",\"datePublished\":\"2024-05-09T04:56:17+00:00\",\"dateModified\":\"2024-05-09T05:09:34+00:00\",\"mainEntityOfPage\":{\"@id\":\"https:\/\/transvulcania.com\/en\/la-palma-recaptures-the-legendary-spirit-of-the-transvulcania-adidas-terrex\/\"},\"wordCount\":627,\"publisher\":{\"@id\":\"https:\/\/transvulcania.com\/en\/#organization\"},\"articleSection\":[\"News\",\"Noticias\"],\"inLanguage\":\"en-US\"},{\"@type\":\"WebPage\",\"@id\":\"https:\/\/transvulcania.com\/en\/la-palma-recaptures-the-legendary-spirit-of-the-transvulcania-adidas-terrex\/\",\"url\":\"https:\/\/transvulcania.com\/en\/la-palma-recaptures-the-legendary-spirit-of-the-transvulcania-adidas-terrex\/\",\"name\":\"La Palma recaptures the legendary spirit of the Transvulcania adidas Terrex - Transvulcania Terrex 2025 - Ultramarathon La Palma\",\"isPartOf\":{\"@id\":\"https:\/\/transvulcania.com\/en\/#website\"},\"datePublished\":\"2024-05-09T04:56:17+00:00\",\"dateModified\":\"2024-05-09T05:09:34+00:00\",\"breadcrumb\":{\"@id\":\"https:\/\/transvulcania.com\/en\/la-palma-recaptures-the-legendary-spirit-of-the-transvulcania-adidas-terrex\/#breadcrumb\"},\"inLanguage\":\"en-US\",\"potentialAction\":[{\"@type\":\"ReadAction\",\"target\":[\"https:\/\/transvulcania.com\/en\/la-palma-recaptures-the-legendary-spirit-of-the-transvulcania-adidas-terrex\/\"]}]},{\"@type\":\"BreadcrumbList\",\"@id\":\"https:\/\/transvulcania.com\/en\/la-palma-recaptures-the-legendary-spirit-of-the-transvulcania-adidas-terrex\/#breadcrumb\",\"itemListElement\":[{\"@type\":\"ListItem\",\"position\":1,\"name\":\"Home\",\"item\":\"https:\/\/transvulcania.com\/en\/\"},{\"@type\":\"ListItem\",\"position\":2,\"name\":\"La Palma recaptures the legendary spirit of the Transvulcania adidas Terrex\"}]},{\"@type\":\"WebSite\",\"@id\":\"https:\/\/transvulcania.com\/en\/#website\",\"url\":\"https:\/\/transvulcania.com\/en\/\",\"name\":\"Transvulcania Terrex 2025 - Ultramarathon La Palma\",\"description\":\"Transvulcania 2025 - Es la XV Edici\u00f3n de la Ultramarat\u00f3n de monta\u00f1a de la Isla La Palma\",\"publisher\":{\"@id\":\"https:\/\/transvulcania.com\/en\/#organization\"},\"potentialAction\":[{\"@type\":\"SearchAction\",\"target\":{\"@type\":\"EntryPoint\",\"urlTemplate\":\"https:\/\/transvulcania.com\/en\/?s={search_term_string}\"},\"query-input\":\"required name=search_term_string\"}],\"inLanguage\":\"en-US\"},{\"@type\":\"Organization\",\"@id\":\"https:\/\/transvulcania.com\/en\/#organization\",\"name\":\"Transvulcania Terrex 2025 - Ultramarathon La Palma\",\"url\":\"https:\/\/transvulcania.com\/en\/\",\"logo\":{\"@type\":\"ImageObject\",\"inLanguage\":\"en-US\",\"@id\":\"https:\/\/transvulcania.com\/en\/#\/schema\/logo\/image\/\",\"url\":\"https:\/\/transvulcania.com\/wp-content\/uploads\/2024\/03\/Logo_Transvulcania_Terrex.png\",\"contentUrl\":\"https:\/\/transvulcania.com\/wp-content\/uploads\/2024\/03\/Logo_Transvulcania_Terrex.png\",\"width\":431,\"height\":552,\"caption\":\"Transvulcania Terrex 2025 - Ultramarathon La Palma\"},\"image\":{\"@id\":\"https:\/\/transvulcania.com\/en\/#\/schema\/logo\/image\/\"}},{\"@type\":\"Person\",\"@id\":\"https:\/\/transvulcania.com\/en\/#\/schema\/person\/e5750218fa698597dbae118e7669e0c7\",\"name\":\"Sodepal Sodepal\",\"url\":\"https:\/\/transvulcania.com\/en\/author\/sodepal\/\"}]}<\/script>\n<!-- \/ Yoast SEO Premium plugin. -->","yoast_head_json":{"title":"La Palma recaptures the legendary spirit of the Transvulcania adidas Terrex - Transvulcania Terrex 2025 - Ultramarathon La Palma","robots":{"index":"index","follow":"follow","max-snippet":"max-snippet:-1","max-image-preview":"max-image-preview:large","max-video-preview":"max-video-preview:-1"},"canonical":"https:\/\/transvulcania.com\/en\/la-palma-recaptures-the-legendary-spirit-of-the-transvulcania-adidas-terrex\/","og_locale":"en_US","og_type":"article","og_title":"La Palma recaptures the legendary spirit of the Transvulcania adidas Terrex","og_description":"The Transvulcania adidas Terrex 2024 is already underway. The race was presented at the emblematic finish line of Los Llanos de Aridane in an exciting and exciting event where the people of La Palma are once again the protagonists of a race that recovers its spirit and identity. The speeches of the protagonists of the ... Read more","og_url":"https:\/\/transvulcania.com\/en\/la-palma-recaptures-the-legendary-spirit-of-the-transvulcania-adidas-terrex\/","og_site_name":"Transvulcania Terrex 2025 - Ultramarathon La Palma","article_published_time":"2024-05-09T04:56:17+00:00","article_modified_time":"2024-05-09T05:09:34+00:00","og_image":[{"width":2048,"height":1365,"url":"https:\/\/transvulcania.com\/wp-content\/uploads\/2024\/05\/FOTO_PRESENTACION.jpg","type":"image\/jpeg"}],"author":"Sodepal Sodepal","twitter_card":"summary_large_image","twitter_misc":{"Written by":"Sodepal Sodepal","Est. reading time":"3 minutes"},"schema":{"@context":"https:\/\/schema.org","@graph":[{"@type":"Article","@id":"https:\/\/transvulcania.com\/en\/la-palma-recaptures-the-legendary-spirit-of-the-transvulcania-adidas-terrex\/#article","isPartOf":{"@id":"https:\/\/transvulcania.com\/en\/la-palma-recaptures-the-legendary-spirit-of-the-transvulcania-adidas-terrex\/"},"author":{"name":"Sodepal Sodepal","@id":"https:\/\/transvulcania.com\/en\/#\/schema\/person\/e5750218fa698597dbae118e7669e0c7"},"headline":"La Palma recaptures the legendary spirit of the Transvulcania adidas Terrex","datePublished":"2024-05-09T04:56:17+00:00","dateModified":"2024-05-09T05:09:34+00:00","mainEntityOfPage":{"@id":"https:\/\/transvulcania.com\/en\/la-palma-recaptures-the-legendary-spirit-of-the-transvulcania-adidas-terrex\/"},"wordCount":627,"publisher":{"@id":"https:\/\/transvulcania.com\/en\/#organization"},"articleSection":["News","Noticias"],"inLanguage":"en-US"},{"@type":"WebPage","@id":"https:\/\/transvulcania.com\/en\/la-palma-recaptures-the-legendary-spirit-of-the-transvulcania-adidas-terrex\/","url":"https:\/\/transvulcania.com\/en\/la-palma-recaptures-the-legendary-spirit-of-the-transvulcania-adidas-terrex\/","name":"La Palma recaptures the legendary spirit of the Transvulcania adidas Terrex - Transvulcania Terrex 2025 - Ultramarathon La Palma","isPartOf":{"@id":"https:\/\/transvulcania.com\/en\/#website"},"datePublished":"2024-05-09T04:56:17+00:00","dateModified":"2024-05-09T05:09:34+00:00","breadcrumb":{"@id":"https:\/\/transvulcania.com\/en\/la-palma-recaptures-the-legendary-spirit-of-the-transvulcania-adidas-terrex\/#breadcrumb"},"inLanguage":"en-US","potentialAction":[{"@type":"ReadAction","target":["https:\/\/transvulcania.com\/en\/la-palma-recaptures-the-legendary-spirit-of-the-transvulcania-adidas-terrex\/"]}]},{"@type":"BreadcrumbList","@id":"https:\/\/transvulcania.com\/en\/la-palma-recaptures-the-legendary-spirit-of-the-transvulcania-adidas-terrex\/#breadcrumb","itemListElement":[{"@type":"ListItem","position":1,"name":"Home","item":"https:\/\/transvulcania.com\/en\/"},{"@type":"ListItem","position":2,"name":"La Palma recaptures the legendary spirit of the Transvulcania adidas Terrex"}]},{"@type":"WebSite","@id":"https:\/\/transvulcania.com\/en\/#website","url":"https:\/\/transvulcania.com\/en\/","name":"Transvulcania Terrex 2025 - Ultramarathon La Palma","description":"Transvulcania 2025 - Es la XV Edici\u00f3n de la Ultramarat\u00f3n de monta\u00f1a de la Isla La Palma","publisher":{"@id":"https:\/\/transvulcania.com\/en\/#organization"},"potentialAction":[{"@type":"SearchAction","target":{"@type":"EntryPoint","urlTemplate":"https:\/\/transvulcania.com\/en\/?s={search_term_string}"},"query-input":"required name=search_term_string"}],"inLanguage":"en-US"},{"@type":"Organization","@id":"https:\/\/transvulcania.com\/en\/#organization","name":"Transvulcania Terrex 2025 - Ultramarathon La Palma","url":"https:\/\/transvulcania.com\/en\/","logo":{"@type":"ImageObject","inLanguage":"en-US","@id":"https:\/\/transvulcania.com\/en\/#\/schema\/logo\/image\/","url":"https:\/\/transvulcania.com\/wp-content\/uploads\/2024\/03\/Logo_Transvulcania_Terrex.png","contentUrl":"https:\/\/transvulcania.com\/wp-content\/uploads\/2024\/03\/Logo_Transvulcania_Terrex.png","width":431,"height":552,"caption":"Transvulcania Terrex 2025 - Ultramarathon La Palma"},"image":{"@id":"https:\/\/transvulcania.com\/en\/#\/schema\/logo\/image\/"}},{"@type":"Person","@id":"https:\/\/transvulcania.com\/en\/#\/schema\/person\/e5750218fa698597dbae118e7669e0c7","name":"Sodepal Sodepal","url":"https:\/\/transvulcania.com\/en\/author\/sodepal\/"}]}},"_links":{"self":[{"href":"https:\/\/transvulcania.com\/en\/wp-json\/wp\/v2\/posts\/4138","targetHints":{"allow":["GET"]}}],"collection":[{"href":"https:\/\/transvulcania.com\/en\/wp-json\/wp\/v2\/posts"}],"about":[{"href":"https:\/\/transvulcania.com\/en\/wp-json\/wp\/v2\/types\/post"}],"author":[{"embeddable":true,"href":"https:\/\/transvulcania.com\/en\/wp-json\/wp\/v2\/users\/3"}],"replies":[{"embeddable":true,"href":"https:\/\/transvulcania.com\/en\/wp-json\/wp\/v2\/comments?post=4138"}],"version-history":[{"count":0,"href":"https:\/\/transvulcania.com\/en\/wp-json\/wp\/v2\/posts\/4138\/revisions"}],"wp:featuredmedia":[{"embeddable":true,"href":"https:\/\/transvulcania.com\/en\/wp-json\/wp\/v2\/media\/4135"}],"wp:attachment":[{"href":"https:\/\/transvulcania.com\/en\/wp-json\/wp\/v2\/media?parent=4138"}],"wp:term":[{"taxonomy":"category","embeddable":true,"href":"https:\/\/transvulcania.com\/en\/wp-json\/wp\/v2\/categories?post=4138"},{"taxonomy":"post_tag","embeddable":true,"href":"https:\/\/transvulcania.com\/en\/wp-json\/wp\/v2\/tags?post=4138"}],"curies":[{"name":"wp","href":"https:\/\/api.w.org\/{rel}","templated":true}]}}