{"id":4021,"date":"2024-04-30T12:45:07","date_gmt":"2024-04-30T11:45:07","guid":{"rendered":"https:\/\/transvulcania.com\/?p=4021"},"modified":"2024-04-30T12:47:37","modified_gmt":"2024-04-30T11:47:37","slug":"rayden-to-close-transvulcania-adidas-terrex-with-an-emotional-concert","status":"publish","type":"post","link":"https:\/\/transvulcania.com\/en\/rayden-to-close-transvulcania-adidas-terrex-with-an-emotional-concert\/","title":{"rendered":"Rayden to close Transvulcania Adidas Terrex with an emotional concert"},"content":{"rendered":"\n<p>The 2024 edition of Transvulcania Adidas Terrex will have a high level party finale with the concert that Rayden will offer on Saturday, May 11th, from 22:00 hours, at the Plaza de Espa\u00f1a in Los Llanos de Aridane.<\/p>\n\n\n\n<p>The artist from Alcal\u00e1 de Henares, who has already let slip on occasion that he would like to close his live musical career with a concert in his hometown this 2024, will be in charge of closing the event on the Isla Bonita with a recital with free admission.<\/p>\n\n\n\n<p>Rayden, whose name is David Mart\u00ednez \u00c1lvarez, is a rapper born in 1985 who has also worked with genres such as poetry to compose his songs. The artist from Complutense started in music in 2001, when he was just 15 years old, and it was in 2006 when he made the real leap to fame with Crew Cuervos, the group with which he released several albums and participated in several tours throughout Spain.<\/p>\n\n\n\n<p>In 2010 Rayden decided to strike out on his own and as an individual artist, he released his album Estaba Escrito, the first of six albums. During this stage Rayden published several books and also generated a few poetry publications. It was in April 2023 when he released his last musical work La Victoria Imposible.<\/p>\n\n\n\n<p>In the same year that he intends to say goodbye to his live music career, Rayden will offer an emotionally charged concert in Los Llanos as the closing event of Transvulcania Adidas Terrex 2024 and the activities that will be generated during a great sports and leisure weekend in La Palma.<\/p>\n\n\n\n<p><\/p>\n","protected":false},"excerpt":{"rendered":"<p>The 2024 edition of Transvulcania Adidas Terrex will have a high level party finale with the concert that Rayden will offer on Saturday, May 11th, from 22:00 hours, at the Plaza de Espa\u00f1a in Los Llanos de Aridane. The artist from Alcal\u00e1 de Henares, who has already let slip on occasion that he would like &#8230; <a title=\"Rayden to close Transvulcania Adidas Terrex with an emotional concert\" class=\"read-more\" href=\"https:\/\/transvulcania.com\/en\/rayden-to-close-transvulcania-adidas-terrex-with-an-emotional-concert\/\" aria-label=\"Read more about Rayden to close Transvulcania Adidas Terrex with an emotional concert\">Read more<\/a><\/p>\n","protected":false},"author":3,"featured_media":4018,"comment_status":"closed","ping_status":"closed","sticky":false,"template":"","format":"standard","meta":{"footnotes":""},"categories":[24],"tags":[],"class_list":["post-4021","post","type-post","status-publish","format-standard","has-post-thumbnail","hentry","category-news"],"yoast_head":"<!-- This site is optimized with the Yoast SEO Premium plugin v21.2 (Yoast SEO v21.2) - https:\/\/yoast.com\/wordpress\/plugins\/seo\/ -->\n<title>Rayden to close Transvulcania Adidas Terrex with an emotional concert - Transvulcania Terrex 2025 - Ultramarathon La Palma<\/title>\n<meta name=\"robots\" content=\"index, follow, max-snippet:-1, max-image-preview:large, max-video-preview:-1\" \/>\n<link rel=\"canonical\" href=\"https:\/\/transvulcania.com\/en\/rayden-to-close-transvulcania-adidas-terrex-with-an-emotional-concert\/\" \/>\n<meta property=\"og:locale\" content=\"en_US\" \/>\n<meta property=\"og:type\" content=\"article\" \/>\n<meta property=\"og:title\" content=\"Rayden to close Transvulcania Adidas Terrex with an emotional concert\" \/>\n<meta property=\"og:description\" content=\"The 2024 edition of Transvulcania Adidas Terrex will have a high level party finale with the concert that Rayden will offer on Saturday, May 11th, from 22:00 hours, at the Plaza de Espa\u00f1a in Los Llanos de Aridane. The artist from Alcal\u00e1 de Henares, who has already let slip on occasion that he would like ... Read more\" \/>\n<meta property=\"og:url\" content=\"https:\/\/transvulcania.com\/en\/rayden-to-close-transvulcania-adidas-terrex-with-an-emotional-concert\/\" \/>\n<meta property=\"og:site_name\" content=\"Transvulcania Terrex 2025 - Ultramarathon La Palma\" \/>\n<meta property=\"article:published_time\" content=\"2024-04-30T11:45:07+00:00\" \/>\n<meta property=\"article:modified_time\" content=\"2024-04-30T11:47:37+00:00\" \/>\n<meta property=\"og:image\" content=\"https:\/\/transvulcania.com\/wp-content\/uploads\/2024\/04\/RRSS-Rayden-scaled.jpg\" \/>\n\t<meta property=\"og:image:width\" content=\"2560\" \/>\n\t<meta property=\"og:image:height\" content=\"2560\" \/>\n\t<meta property=\"og:image:type\" content=\"image\/jpeg\" \/>\n<meta name=\"author\" content=\"Sodepal Sodepal\" \/>\n<meta name=\"twitter:card\" content=\"summary_large_image\" \/>\n<meta name=\"twitter:label1\" content=\"Written by\" \/>\n\t<meta name=\"twitter:data1\" content=\"Sodepal Sodepal\" \/>\n\t<meta name=\"twitter:label2\" content=\"Est. reading time\" \/>\n\t<meta name=\"twitter:data2\" content=\"2 minutes\" \/>\n<script type=\"application\/ld+json\" class=\"yoast-schema-graph\">{\"@context\":\"https:\/\/schema.org\",\"@graph\":[{\"@type\":\"Article\",\"@id\":\"https:\/\/transvulcania.com\/en\/rayden-to-close-transvulcania-adidas-terrex-with-an-emotional-concert\/#article\",\"isPartOf\":{\"@id\":\"https:\/\/transvulcania.com\/en\/rayden-to-close-transvulcania-adidas-terrex-with-an-emotional-concert\/\"},\"author\":{\"name\":\"Sodepal Sodepal\",\"@id\":\"https:\/\/transvulcania.com\/en\/#\/schema\/person\/e5750218fa698597dbae118e7669e0c7\"},\"headline\":\"Rayden to close Transvulcania Adidas Terrex with an emotional concert\",\"datePublished\":\"2024-04-30T11:45:07+00:00\",\"dateModified\":\"2024-04-30T11:47:37+00:00\",\"mainEntityOfPage\":{\"@id\":\"https:\/\/transvulcania.com\/en\/rayden-to-close-transvulcania-adidas-terrex-with-an-emotional-concert\/\"},\"wordCount\":268,\"publisher\":{\"@id\":\"https:\/\/transvulcania.com\/en\/#organization\"},\"articleSection\":[\"News\"],\"inLanguage\":\"en-US\"},{\"@type\":\"WebPage\",\"@id\":\"https:\/\/transvulcania.com\/en\/rayden-to-close-transvulcania-adidas-terrex-with-an-emotional-concert\/\",\"url\":\"https:\/\/transvulcania.com\/en\/rayden-to-close-transvulcania-adidas-terrex-with-an-emotional-concert\/\",\"name\":\"Rayden to close Transvulcania Adidas Terrex with an emotional concert - Transvulcania Terrex 2025 - Ultramarathon La Palma\",\"isPartOf\":{\"@id\":\"https:\/\/transvulcania.com\/en\/#website\"},\"datePublished\":\"2024-04-30T11:45:07+00:00\",\"dateModified\":\"2024-04-30T11:47:37+00:00\",\"breadcrumb\":{\"@id\":\"https:\/\/transvulcania.com\/en\/rayden-to-close-transvulcania-adidas-terrex-with-an-emotional-concert\/#breadcrumb\"},\"inLanguage\":\"en-US\",\"potentialAction\":[{\"@type\":\"ReadAction\",\"target\":[\"https:\/\/transvulcania.com\/en\/rayden-to-close-transvulcania-adidas-terrex-with-an-emotional-concert\/\"]}]},{\"@type\":\"BreadcrumbList\",\"@id\":\"https:\/\/transvulcania.com\/en\/rayden-to-close-transvulcania-adidas-terrex-with-an-emotional-concert\/#breadcrumb\",\"itemListElement\":[{\"@type\":\"ListItem\",\"position\":1,\"name\":\"Home\",\"item\":\"https:\/\/transvulcania.com\/en\/\"},{\"@type\":\"ListItem\",\"position\":2,\"name\":\"Rayden to close Transvulcania Adidas Terrex with an emotional concert\"}]},{\"@type\":\"WebSite\",\"@id\":\"https:\/\/transvulcania.com\/en\/#website\",\"url\":\"https:\/\/transvulcania.com\/en\/\",\"name\":\"Transvulcania Terrex 2025 - Ultramarathon La Palma\",\"description\":\"Transvulcania 2025 - Es la XV Edici\u00f3n de la Ultramarat\u00f3n de monta\u00f1a de la Isla La Palma\",\"publisher\":{\"@id\":\"https:\/\/transvulcania.com\/en\/#organization\"},\"potentialAction\":[{\"@type\":\"SearchAction\",\"target\":{\"@type\":\"EntryPoint\",\"urlTemplate\":\"https:\/\/transvulcania.com\/en\/?s={search_term_string}\"},\"query-input\":\"required name=search_term_string\"}],\"inLanguage\":\"en-US\"},{\"@type\":\"Organization\",\"@id\":\"https:\/\/transvulcania.com\/en\/#organization\",\"name\":\"Transvulcania Terrex 2025 - Ultramarathon La Palma\",\"url\":\"https:\/\/transvulcania.com\/en\/\",\"logo\":{\"@type\":\"ImageObject\",\"inLanguage\":\"en-US\",\"@id\":\"https:\/\/transvulcania.com\/en\/#\/schema\/logo\/image\/\",\"url\":\"https:\/\/transvulcania.com\/wp-content\/uploads\/2024\/03\/Logo_Transvulcania_Terrex.png\",\"contentUrl\":\"https:\/\/transvulcania.com\/wp-content\/uploads\/2024\/03\/Logo_Transvulcania_Terrex.png\",\"width\":431,\"height\":552,\"caption\":\"Transvulcania Terrex 2025 - Ultramarathon La Palma\"},\"image\":{\"@id\":\"https:\/\/transvulcania.com\/en\/#\/schema\/logo\/image\/\"}},{\"@type\":\"Person\",\"@id\":\"https:\/\/transvulcania.com\/en\/#\/schema\/person\/e5750218fa698597dbae118e7669e0c7\",\"name\":\"Sodepal Sodepal\",\"url\":\"https:\/\/transvulcania.com\/en\/author\/sodepal\/\"}]}<\/script>\n<!-- \/ Yoast SEO Premium plugin. -->","yoast_head_json":{"title":"Rayden to close Transvulcania Adidas Terrex with an emotional concert - Transvulcania Terrex 2025 - Ultramarathon La Palma","robots":{"index":"index","follow":"follow","max-snippet":"max-snippet:-1","max-image-preview":"max-image-preview:large","max-video-preview":"max-video-preview:-1"},"canonical":"https:\/\/transvulcania.com\/en\/rayden-to-close-transvulcania-adidas-terrex-with-an-emotional-concert\/","og_locale":"en_US","og_type":"article","og_title":"Rayden to close Transvulcania Adidas Terrex with an emotional concert","og_description":"The 2024 edition of Transvulcania Adidas Terrex will have a high level party finale with the concert that Rayden will offer on Saturday, May 11th, from 22:00 hours, at the Plaza de Espa\u00f1a in Los Llanos de Aridane. The artist from Alcal\u00e1 de Henares, who has already let slip on occasion that he would like ... Read more","og_url":"https:\/\/transvulcania.com\/en\/rayden-to-close-transvulcania-adidas-terrex-with-an-emotional-concert\/","og_site_name":"Transvulcania Terrex 2025 - Ultramarathon La Palma","article_published_time":"2024-04-30T11:45:07+00:00","article_modified_time":"2024-04-30T11:47:37+00:00","og_image":[{"width":2560,"height":2560,"url":"https:\/\/transvulcania.com\/wp-content\/uploads\/2024\/04\/RRSS-Rayden-scaled.jpg","type":"image\/jpeg"}],"author":"Sodepal Sodepal","twitter_card":"summary_large_image","twitter_misc":{"Written by":"Sodepal Sodepal","Est. reading time":"2 minutes"},"schema":{"@context":"https:\/\/schema.org","@graph":[{"@type":"Article","@id":"https:\/\/transvulcania.com\/en\/rayden-to-close-transvulcania-adidas-terrex-with-an-emotional-concert\/#article","isPartOf":{"@id":"https:\/\/transvulcania.com\/en\/rayden-to-close-transvulcania-adidas-terrex-with-an-emotional-concert\/"},"author":{"name":"Sodepal Sodepal","@id":"https:\/\/transvulcania.com\/en\/#\/schema\/person\/e5750218fa698597dbae118e7669e0c7"},"headline":"Rayden to close Transvulcania Adidas Terrex with an emotional concert","datePublished":"2024-04-30T11:45:07+00:00","dateModified":"2024-04-30T11:47:37+00:00","mainEntityOfPage":{"@id":"https:\/\/transvulcania.com\/en\/rayden-to-close-transvulcania-adidas-terrex-with-an-emotional-concert\/"},"wordCount":268,"publisher":{"@id":"https:\/\/transvulcania.com\/en\/#organization"},"articleSection":["News"],"inLanguage":"en-US"},{"@type":"WebPage","@id":"https:\/\/transvulcania.com\/en\/rayden-to-close-transvulcania-adidas-terrex-with-an-emotional-concert\/","url":"https:\/\/transvulcania.com\/en\/rayden-to-close-transvulcania-adidas-terrex-with-an-emotional-concert\/","name":"Rayden to close Transvulcania Adidas Terrex with an emotional concert - Transvulcania Terrex 2025 - Ultramarathon La Palma","isPartOf":{"@id":"https:\/\/transvulcania.com\/en\/#website"},"datePublished":"2024-04-30T11:45:07+00:00","dateModified":"2024-04-30T11:47:37+00:00","breadcrumb":{"@id":"https:\/\/transvulcania.com\/en\/rayden-to-close-transvulcania-adidas-terrex-with-an-emotional-concert\/#breadcrumb"},"inLanguage":"en-US","potentialAction":[{"@type":"ReadAction","target":["https:\/\/transvulcania.com\/en\/rayden-to-close-transvulcania-adidas-terrex-with-an-emotional-concert\/"]}]},{"@type":"BreadcrumbList","@id":"https:\/\/transvulcania.com\/en\/rayden-to-close-transvulcania-adidas-terrex-with-an-emotional-concert\/#breadcrumb","itemListElement":[{"@type":"ListItem","position":1,"name":"Home","item":"https:\/\/transvulcania.com\/en\/"},{"@type":"ListItem","position":2,"name":"Rayden to close Transvulcania Adidas Terrex with an emotional concert"}]},{"@type":"WebSite","@id":"https:\/\/transvulcania.com\/en\/#website","url":"https:\/\/transvulcania.com\/en\/","name":"Transvulcania Terrex 2025 - Ultramarathon La Palma","description":"Transvulcania 2025 - Es la XV Edici\u00f3n de la Ultramarat\u00f3n de monta\u00f1a de la Isla La Palma","publisher":{"@id":"https:\/\/transvulcania.com\/en\/#organization"},"potentialAction":[{"@type":"SearchAction","target":{"@type":"EntryPoint","urlTemplate":"https:\/\/transvulcania.com\/en\/?s={search_term_string}"},"query-input":"required name=search_term_string"}],"inLanguage":"en-US"},{"@type":"Organization","@id":"https:\/\/transvulcania.com\/en\/#organization","name":"Transvulcania Terrex 2025 - Ultramarathon La Palma","url":"https:\/\/transvulcania.com\/en\/","logo":{"@type":"ImageObject","inLanguage":"en-US","@id":"https:\/\/transvulcania.com\/en\/#\/schema\/logo\/image\/","url":"https:\/\/transvulcania.com\/wp-content\/uploads\/2024\/03\/Logo_Transvulcania_Terrex.png","contentUrl":"https:\/\/transvulcania.com\/wp-content\/uploads\/2024\/03\/Logo_Transvulcania_Terrex.png","width":431,"height":552,"caption":"Transvulcania Terrex 2025 - Ultramarathon La Palma"},"image":{"@id":"https:\/\/transvulcania.com\/en\/#\/schema\/logo\/image\/"}},{"@type":"Person","@id":"https:\/\/transvulcania.com\/en\/#\/schema\/person\/e5750218fa698597dbae118e7669e0c7","name":"Sodepal Sodepal","url":"https:\/\/transvulcania.com\/en\/author\/sodepal\/"}]}},"_links":{"self":[{"href":"https:\/\/transvulcania.com\/en\/wp-json\/wp\/v2\/posts\/4021","targetHints":{"allow":["GET"]}}],"collection":[{"href":"https:\/\/transvulcania.com\/en\/wp-json\/wp\/v2\/posts"}],"about":[{"href":"https:\/\/transvulcania.com\/en\/wp-json\/wp\/v2\/types\/post"}],"author":[{"embeddable":true,"href":"https:\/\/transvulcania.com\/en\/wp-json\/wp\/v2\/users\/3"}],"replies":[{"embeddable":true,"href":"https:\/\/transvulcania.com\/en\/wp-json\/wp\/v2\/comments?post=4021"}],"version-history":[{"count":0,"href":"https:\/\/transvulcania.com\/en\/wp-json\/wp\/v2\/posts\/4021\/revisions"}],"wp:featuredmedia":[{"embeddable":true,"href":"https:\/\/transvulcania.com\/en\/wp-json\/wp\/v2\/media\/4018"}],"wp:attachment":[{"href":"https:\/\/transvulcania.com\/en\/wp-json\/wp\/v2\/media?parent=4021"}],"wp:term":[{"taxonomy":"category","embeddable":true,"href":"https:\/\/transvulcania.com\/en\/wp-json\/wp\/v2\/categories?post=4021"},{"taxonomy":"post_tag","embeddable":true,"href":"https:\/\/transvulcania.com\/en\/wp-json\/wp\/v2\/tags?post=4021"}],"curies":[{"name":"wp","href":"https:\/\/api.w.org\/{rel}","templated":true}]}}