{"id":21215,"date":"2026-04-29T16:56:01","date_gmt":"2026-04-29T15:56:01","guid":{"rendered":"https:\/\/transvulcania.com\/we-are-coordinating-with-the-deployment-support-unit-to-arrange-accommodations-for-security-personnel-for-the-2026-adidas-transvulcania\/"},"modified":"2026-04-29T17:22:26","modified_gmt":"2026-04-29T16:22:26","slug":"we-are-coordinating-with-the-deployment-support-unit-to-arrange-accommodations-for-security-personnel-for-the-2026-adidas-transvulcania","status":"publish","type":"post","link":"https:\/\/transvulcania.com\/en\/we-are-coordinating-with-the-deployment-support-unit-to-arrange-accommodations-for-security-personnel-for-the-2026-adidas-transvulcania\/","title":{"rendered":"We are coordinating with the Deployment Support Unit to arrange accommodations for security personnel for the 2026 adidas Transvulcania"},"content":{"rendered":"\t\t<div data-elementor-type=\"wp-post\" data-elementor-id=\"21215\" class=\"elementor elementor-21215 elementor-21205\" data-elementor-post-type=\"post\">\n\t\t\t\t<div class=\"elementor-element elementor-element-48a6cc7 e-flex e-con-boxed e-con e-parent\" data-id=\"48a6cc7\" data-element_type=\"container\" data-e-type=\"container\">\n\t\t\t\t\t<div class=\"e-con-inner\">\n\t\t\t\t<div class=\"elementor-element elementor-element-ca3656e elementor-widget elementor-widget-text-editor\" data-id=\"ca3656e\" data-element_type=\"widget\" data-e-type=\"widget\" data-widget_type=\"text-editor.default\">\n\t\t\t\t<div class=\"elementor-widget-container\">\n\t\t\t\t\t\t\t\t\t<div class=\"field field--name-field-noticias-entradilla field--type-text-long field--label-hidden field--item\">\n<div class=\"field field--name-field-noticias-entradilla field--type-text-long field--label-hidden field--item\">\n<div class=\"field field--name-field-noticias-entradilla field--type-text-long field--label-hidden field--item\">\n<div class=\"field field--name-field-noticias-entradilla field--type-text-long field--label-hidden field--item\">\n<div class=\"field field--name-field-noticias-entradilla field--type-text-long field--label-hidden field--item\">\n<div class=\"field field--name-field-noticias-entradilla field--type-text-long field--label-hidden field--item\">\n<div class=\"field field--name-field-noticias-entradilla field--type-text-long field--label-hidden field--item\">\n<h4>Miriam Perestelo, the Councilor for Economic Development of the La Palma Island Council and CEO of Sodepal, highlights the collaboration with the El Fuerte barracks to accommodate 70 volunteer personnel who will be part of the operation from May 7 to 10.<\/h4>\n<\/div>\n<div class=\"field field--name-body field--type-text-with-summary field--label-hidden field--item\">\n<p>The La Palma Island Council, in coordination with the Project Support Unit (UAPRO), is arranging accommodations for 70 personnel who will participate in the security operation for the 2026 Transvulcania adidas race, which will take place on the island from May 7 to 10.<\/p>\n<p>Miriam Perestelo, the Regional Minister for Economic Development, highlights the support provided by the El Fuerte barracks, whose facilities will be able to accommodate Red Cross volunteers as well as members of the Civil Protection units from Santa Cruz de Tenerife, Candelaria, and Granadilla.<\/p>\n<p>Perestelo expressed his gratitude to all the members of these groups, highlighting their dedication, professionalism, and commitment\u2014key factors in ensuring both the safety and organizational excellence of an internationally renowned event like Transvulcania.<\/p>\n<p>The operation will also involve the deployment of 24 emergency and rescue vehicles, which will help ensure effective coverage along the entire route and throughout all scheduled activities.<\/p>\n<p>For its part, the Projection Support Unit (UAPRO), based at the El Fuerte barracks, has facilitated the use of these facilities, ensuring the proper logistics for teams arriving from outside the island. This support is essential to ensuring the smooth running of the event and the safety of participants, organizers, and attendees. <\/p>\n<\/div>\n<\/div>\n<\/div>\n<\/div>\n<\/div>\n<\/div>\n<\/div>\n\t\t\t\t\t\t\t\t<\/div>\n\t\t\t\t<\/div>\n\t\t\t\t\t<\/div>\n\t\t\t\t<\/div>\n\t\t\t\t<\/div>\n\t\t","protected":false},"excerpt":{"rendered":"<p>Miriam Perestelo, the Councilor for Economic Development of the La Palma Island Council and CEO of Sodepal, highlights the collaboration with the El Fuerte barracks to accommodate 70 volunteer personnel who will be part of the operation from May 7 to 10. The La Palma Island Council, in coordination with the Project Support Unit (UAPRO), &#8230; <a title=\"We are coordinating with the Deployment Support Unit to arrange accommodations for security personnel for the 2026 adidas Transvulcania\" class=\"read-more\" href=\"https:\/\/transvulcania.com\/en\/we-are-coordinating-with-the-deployment-support-unit-to-arrange-accommodations-for-security-personnel-for-the-2026-adidas-transvulcania\/\" aria-label=\"Read more about We are coordinating with the Deployment Support Unit to arrange accommodations for security personnel for the 2026 adidas Transvulcania\">Read more<\/a><\/p>\n","protected":false},"author":1,"featured_media":21208,"comment_status":"closed","ping_status":"closed","sticky":false,"template":"","format":"standard","meta":{"footnotes":""},"categories":[24],"tags":[],"class_list":["post-21215","post","type-post","status-publish","format-standard","has-post-thumbnail","hentry","category-news"],"yoast_head":"<!-- This site is optimized with the Yoast SEO Premium plugin v21.2 (Yoast SEO v21.2) - https:\/\/yoast.com\/wordpress\/plugins\/seo\/ -->\n<title>We are coordinating with the Deployment Support Unit to arrange accommodations for security personnel for the 2026 adidas Transvulcania - Transvulcania Terrex 2025 - Ultramarathon La Palma<\/title>\n<meta name=\"robots\" content=\"index, follow, max-snippet:-1, max-image-preview:large, max-video-preview:-1\" \/>\n<link rel=\"canonical\" href=\"https:\/\/transvulcania.com\/en\/we-are-coordinating-with-the-deployment-support-unit-to-arrange-accommodations-for-security-personnel-for-the-2026-adidas-transvulcania\/\" \/>\n<meta property=\"og:locale\" content=\"en_US\" \/>\n<meta property=\"og:type\" content=\"article\" \/>\n<meta property=\"og:title\" content=\"We are coordinating with the Deployment Support Unit to arrange accommodations for security personnel for the 2026 adidas Transvulcania\" \/>\n<meta property=\"og:description\" content=\"Miriam Perestelo, the Councilor for Economic Development of the La Palma Island Council and CEO of Sodepal, highlights the collaboration with the El Fuerte barracks to accommodate 70 volunteer personnel who will be part of the operation from May 7 to 10. The La Palma Island Council, in coordination with the Project Support Unit (UAPRO), ... Read more\" \/>\n<meta property=\"og:url\" content=\"https:\/\/transvulcania.com\/en\/we-are-coordinating-with-the-deployment-support-unit-to-arrange-accommodations-for-security-personnel-for-the-2026-adidas-transvulcania\/\" \/>\n<meta property=\"og:site_name\" content=\"Transvulcania Terrex 2025 - Ultramarathon La Palma\" \/>\n<meta property=\"article:published_time\" content=\"2026-04-29T15:56:01+00:00\" \/>\n<meta property=\"article:modified_time\" content=\"2026-04-29T16:22:26+00:00\" \/>\n<meta property=\"og:image\" content=\"https:\/\/transvulcania.com\/wp-content\/uploads\/2026\/04\/TRV_Fuerte-scaled.jpeg\" \/>\n\t<meta property=\"og:image:width\" content=\"2560\" \/>\n\t<meta property=\"og:image:height\" content=\"1725\" \/>\n\t<meta property=\"og:image:type\" content=\"image\/jpeg\" \/>\n<meta name=\"author\" content=\"ivcabeza\" \/>\n<meta name=\"twitter:card\" content=\"summary_large_image\" \/>\n<meta name=\"twitter:label1\" content=\"Written by\" \/>\n\t<meta name=\"twitter:data1\" content=\"ivcabeza\" \/>\n\t<meta name=\"twitter:label2\" content=\"Est. reading time\" \/>\n\t<meta name=\"twitter:data2\" content=\"1 minute\" \/>\n<script type=\"application\/ld+json\" class=\"yoast-schema-graph\">{\"@context\":\"https:\/\/schema.org\",\"@graph\":[{\"@type\":\"Article\",\"@id\":\"https:\/\/transvulcania.com\/en\/we-are-coordinating-with-the-deployment-support-unit-to-arrange-accommodations-for-security-personnel-for-the-2026-adidas-transvulcania\/#article\",\"isPartOf\":{\"@id\":\"https:\/\/transvulcania.com\/en\/we-are-coordinating-with-the-deployment-support-unit-to-arrange-accommodations-for-security-personnel-for-the-2026-adidas-transvulcania\/\"},\"author\":{\"name\":\"ivcabeza\",\"@id\":\"https:\/\/transvulcania.com\/en\/#\/schema\/person\/4610a4f4a57d4d177b681e8b0f934107\"},\"headline\":\"We are coordinating with the Deployment Support Unit to arrange accommodations for security personnel for the 2026 adidas Transvulcania\",\"datePublished\":\"2026-04-29T15:56:01+00:00\",\"dateModified\":\"2026-04-29T16:22:26+00:00\",\"mainEntityOfPage\":{\"@id\":\"https:\/\/transvulcania.com\/en\/we-are-coordinating-with-the-deployment-support-unit-to-arrange-accommodations-for-security-personnel-for-the-2026-adidas-transvulcania\/\"},\"wordCount\":254,\"publisher\":{\"@id\":\"https:\/\/transvulcania.com\/en\/#organization\"},\"articleSection\":[\"News\"],\"inLanguage\":\"en-US\"},{\"@type\":\"WebPage\",\"@id\":\"https:\/\/transvulcania.com\/en\/we-are-coordinating-with-the-deployment-support-unit-to-arrange-accommodations-for-security-personnel-for-the-2026-adidas-transvulcania\/\",\"url\":\"https:\/\/transvulcania.com\/en\/we-are-coordinating-with-the-deployment-support-unit-to-arrange-accommodations-for-security-personnel-for-the-2026-adidas-transvulcania\/\",\"name\":\"We are coordinating with the Deployment Support Unit to arrange accommodations for security personnel for the 2026 adidas Transvulcania - Transvulcania Terrex 2025 - Ultramarathon La Palma\",\"isPartOf\":{\"@id\":\"https:\/\/transvulcania.com\/en\/#website\"},\"datePublished\":\"2026-04-29T15:56:01+00:00\",\"dateModified\":\"2026-04-29T16:22:26+00:00\",\"breadcrumb\":{\"@id\":\"https:\/\/transvulcania.com\/en\/we-are-coordinating-with-the-deployment-support-unit-to-arrange-accommodations-for-security-personnel-for-the-2026-adidas-transvulcania\/#breadcrumb\"},\"inLanguage\":\"en-US\",\"potentialAction\":[{\"@type\":\"ReadAction\",\"target\":[\"https:\/\/transvulcania.com\/en\/we-are-coordinating-with-the-deployment-support-unit-to-arrange-accommodations-for-security-personnel-for-the-2026-adidas-transvulcania\/\"]}]},{\"@type\":\"BreadcrumbList\",\"@id\":\"https:\/\/transvulcania.com\/en\/we-are-coordinating-with-the-deployment-support-unit-to-arrange-accommodations-for-security-personnel-for-the-2026-adidas-transvulcania\/#breadcrumb\",\"itemListElement\":[{\"@type\":\"ListItem\",\"position\":1,\"name\":\"Home\",\"item\":\"https:\/\/transvulcania.com\/en\/\"},{\"@type\":\"ListItem\",\"position\":2,\"name\":\"We are coordinating with the Deployment Support Unit to arrange accommodations for security personnel for the 2026 adidas Transvulcania\"}]},{\"@type\":\"WebSite\",\"@id\":\"https:\/\/transvulcania.com\/en\/#website\",\"url\":\"https:\/\/transvulcania.com\/en\/\",\"name\":\"Transvulcania Terrex 2025 - Ultramarathon La Palma\",\"description\":\"Transvulcania 2025 - Es la XV Edici\u00f3n de la Ultramarat\u00f3n de monta\u00f1a de la Isla La Palma\",\"publisher\":{\"@id\":\"https:\/\/transvulcania.com\/en\/#organization\"},\"potentialAction\":[{\"@type\":\"SearchAction\",\"target\":{\"@type\":\"EntryPoint\",\"urlTemplate\":\"https:\/\/transvulcania.com\/en\/?s={search_term_string}\"},\"query-input\":\"required name=search_term_string\"}],\"inLanguage\":\"en-US\"},{\"@type\":\"Organization\",\"@id\":\"https:\/\/transvulcania.com\/en\/#organization\",\"name\":\"Transvulcania Terrex 2025 - Ultramarathon La Palma\",\"url\":\"https:\/\/transvulcania.com\/en\/\",\"logo\":{\"@type\":\"ImageObject\",\"inLanguage\":\"en-US\",\"@id\":\"https:\/\/transvulcania.com\/en\/#\/schema\/logo\/image\/\",\"url\":\"https:\/\/transvulcania.com\/wp-content\/uploads\/2024\/03\/Logo_Transvulcania_Terrex.png\",\"contentUrl\":\"https:\/\/transvulcania.com\/wp-content\/uploads\/2024\/03\/Logo_Transvulcania_Terrex.png\",\"width\":431,\"height\":552,\"caption\":\"Transvulcania Terrex 2025 - Ultramarathon La Palma\"},\"image\":{\"@id\":\"https:\/\/transvulcania.com\/en\/#\/schema\/logo\/image\/\"}},{\"@type\":\"Person\",\"@id\":\"https:\/\/transvulcania.com\/en\/#\/schema\/person\/4610a4f4a57d4d177b681e8b0f934107\",\"name\":\"ivcabeza\",\"sameAs\":[\"https:\/\/transvulcania.com.es\"],\"url\":\"https:\/\/transvulcania.com\/en\/author\/ivcabeza\/\"}]}<\/script>\n<!-- \/ Yoast SEO Premium plugin. -->","yoast_head_json":{"title":"We are coordinating with the Deployment Support Unit to arrange accommodations for security personnel for the 2026 adidas Transvulcania - Transvulcania Terrex 2025 - Ultramarathon La Palma","robots":{"index":"index","follow":"follow","max-snippet":"max-snippet:-1","max-image-preview":"max-image-preview:large","max-video-preview":"max-video-preview:-1"},"canonical":"https:\/\/transvulcania.com\/en\/we-are-coordinating-with-the-deployment-support-unit-to-arrange-accommodations-for-security-personnel-for-the-2026-adidas-transvulcania\/","og_locale":"en_US","og_type":"article","og_title":"We are coordinating with the Deployment Support Unit to arrange accommodations for security personnel for the 2026 adidas Transvulcania","og_description":"Miriam Perestelo, the Councilor for Economic Development of the La Palma Island Council and CEO of Sodepal, highlights the collaboration with the El Fuerte barracks to accommodate 70 volunteer personnel who will be part of the operation from May 7 to 10. The La Palma Island Council, in coordination with the Project Support Unit (UAPRO), ... Read more","og_url":"https:\/\/transvulcania.com\/en\/we-are-coordinating-with-the-deployment-support-unit-to-arrange-accommodations-for-security-personnel-for-the-2026-adidas-transvulcania\/","og_site_name":"Transvulcania Terrex 2025 - Ultramarathon La Palma","article_published_time":"2026-04-29T15:56:01+00:00","article_modified_time":"2026-04-29T16:22:26+00:00","og_image":[{"width":2560,"height":1725,"url":"https:\/\/transvulcania.com\/wp-content\/uploads\/2026\/04\/TRV_Fuerte-scaled.jpeg","type":"image\/jpeg"}],"author":"ivcabeza","twitter_card":"summary_large_image","twitter_misc":{"Written by":"ivcabeza","Est. reading time":"1 minute"},"schema":{"@context":"https:\/\/schema.org","@graph":[{"@type":"Article","@id":"https:\/\/transvulcania.com\/en\/we-are-coordinating-with-the-deployment-support-unit-to-arrange-accommodations-for-security-personnel-for-the-2026-adidas-transvulcania\/#article","isPartOf":{"@id":"https:\/\/transvulcania.com\/en\/we-are-coordinating-with-the-deployment-support-unit-to-arrange-accommodations-for-security-personnel-for-the-2026-adidas-transvulcania\/"},"author":{"name":"ivcabeza","@id":"https:\/\/transvulcania.com\/en\/#\/schema\/person\/4610a4f4a57d4d177b681e8b0f934107"},"headline":"We are coordinating with the Deployment Support Unit to arrange accommodations for security personnel for the 2026 adidas Transvulcania","datePublished":"2026-04-29T15:56:01+00:00","dateModified":"2026-04-29T16:22:26+00:00","mainEntityOfPage":{"@id":"https:\/\/transvulcania.com\/en\/we-are-coordinating-with-the-deployment-support-unit-to-arrange-accommodations-for-security-personnel-for-the-2026-adidas-transvulcania\/"},"wordCount":254,"publisher":{"@id":"https:\/\/transvulcania.com\/en\/#organization"},"articleSection":["News"],"inLanguage":"en-US"},{"@type":"WebPage","@id":"https:\/\/transvulcania.com\/en\/we-are-coordinating-with-the-deployment-support-unit-to-arrange-accommodations-for-security-personnel-for-the-2026-adidas-transvulcania\/","url":"https:\/\/transvulcania.com\/en\/we-are-coordinating-with-the-deployment-support-unit-to-arrange-accommodations-for-security-personnel-for-the-2026-adidas-transvulcania\/","name":"We are coordinating with the Deployment Support Unit to arrange accommodations for security personnel for the 2026 adidas Transvulcania - Transvulcania Terrex 2025 - Ultramarathon La Palma","isPartOf":{"@id":"https:\/\/transvulcania.com\/en\/#website"},"datePublished":"2026-04-29T15:56:01+00:00","dateModified":"2026-04-29T16:22:26+00:00","breadcrumb":{"@id":"https:\/\/transvulcania.com\/en\/we-are-coordinating-with-the-deployment-support-unit-to-arrange-accommodations-for-security-personnel-for-the-2026-adidas-transvulcania\/#breadcrumb"},"inLanguage":"en-US","potentialAction":[{"@type":"ReadAction","target":["https:\/\/transvulcania.com\/en\/we-are-coordinating-with-the-deployment-support-unit-to-arrange-accommodations-for-security-personnel-for-the-2026-adidas-transvulcania\/"]}]},{"@type":"BreadcrumbList","@id":"https:\/\/transvulcania.com\/en\/we-are-coordinating-with-the-deployment-support-unit-to-arrange-accommodations-for-security-personnel-for-the-2026-adidas-transvulcania\/#breadcrumb","itemListElement":[{"@type":"ListItem","position":1,"name":"Home","item":"https:\/\/transvulcania.com\/en\/"},{"@type":"ListItem","position":2,"name":"We are coordinating with the Deployment Support Unit to arrange accommodations for security personnel for the 2026 adidas Transvulcania"}]},{"@type":"WebSite","@id":"https:\/\/transvulcania.com\/en\/#website","url":"https:\/\/transvulcania.com\/en\/","name":"Transvulcania Terrex 2025 - Ultramarathon La Palma","description":"Transvulcania 2025 - Es la XV Edici\u00f3n de la Ultramarat\u00f3n de monta\u00f1a de la Isla La Palma","publisher":{"@id":"https:\/\/transvulcania.com\/en\/#organization"},"potentialAction":[{"@type":"SearchAction","target":{"@type":"EntryPoint","urlTemplate":"https:\/\/transvulcania.com\/en\/?s={search_term_string}"},"query-input":"required name=search_term_string"}],"inLanguage":"en-US"},{"@type":"Organization","@id":"https:\/\/transvulcania.com\/en\/#organization","name":"Transvulcania Terrex 2025 - Ultramarathon La Palma","url":"https:\/\/transvulcania.com\/en\/","logo":{"@type":"ImageObject","inLanguage":"en-US","@id":"https:\/\/transvulcania.com\/en\/#\/schema\/logo\/image\/","url":"https:\/\/transvulcania.com\/wp-content\/uploads\/2024\/03\/Logo_Transvulcania_Terrex.png","contentUrl":"https:\/\/transvulcania.com\/wp-content\/uploads\/2024\/03\/Logo_Transvulcania_Terrex.png","width":431,"height":552,"caption":"Transvulcania Terrex 2025 - Ultramarathon La Palma"},"image":{"@id":"https:\/\/transvulcania.com\/en\/#\/schema\/logo\/image\/"}},{"@type":"Person","@id":"https:\/\/transvulcania.com\/en\/#\/schema\/person\/4610a4f4a57d4d177b681e8b0f934107","name":"ivcabeza","sameAs":["https:\/\/transvulcania.com.es"],"url":"https:\/\/transvulcania.com\/en\/author\/ivcabeza\/"}]}},"_links":{"self":[{"href":"https:\/\/transvulcania.com\/en\/wp-json\/wp\/v2\/posts\/21215","targetHints":{"allow":["GET"]}}],"collection":[{"href":"https:\/\/transvulcania.com\/en\/wp-json\/wp\/v2\/posts"}],"about":[{"href":"https:\/\/transvulcania.com\/en\/wp-json\/wp\/v2\/types\/post"}],"author":[{"embeddable":true,"href":"https:\/\/transvulcania.com\/en\/wp-json\/wp\/v2\/users\/1"}],"replies":[{"embeddable":true,"href":"https:\/\/transvulcania.com\/en\/wp-json\/wp\/v2\/comments?post=21215"}],"version-history":[{"count":1,"href":"https:\/\/transvulcania.com\/en\/wp-json\/wp\/v2\/posts\/21215\/revisions"}],"predecessor-version":[{"id":21216,"href":"https:\/\/transvulcania.com\/en\/wp-json\/wp\/v2\/posts\/21215\/revisions\/21216"}],"wp:featuredmedia":[{"embeddable":true,"href":"https:\/\/transvulcania.com\/en\/wp-json\/wp\/v2\/media\/21208"}],"wp:attachment":[{"href":"https:\/\/transvulcania.com\/en\/wp-json\/wp\/v2\/media?parent=21215"}],"wp:term":[{"taxonomy":"category","embeddable":true,"href":"https:\/\/transvulcania.com\/en\/wp-json\/wp\/v2\/categories?post=21215"},{"taxonomy":"post_tag","embeddable":true,"href":"https:\/\/transvulcania.com\/en\/wp-json\/wp\/v2\/tags?post=21215"}],"curies":[{"name":"wp","href":"https:\/\/api.w.org\/{rel}","templated":true}]}}