{"id":21139,"date":"2026-04-23T16:57:24","date_gmt":"2026-04-23T15:57:24","guid":{"rendered":"https:\/\/transvulcania.com\/blandine-lhirondel-and-andreas-reiterer-a-taste-of-the-world-championships-at-the-2026-adidas-transvulcania-ultramarathon\/"},"modified":"2026-04-23T17:18:44","modified_gmt":"2026-04-23T16:18:44","slug":"blandine-lhirondel-and-andreas-reiterer-a-taste-of-the-world-championships-at-the-2026-adidas-transvulcania-ultramarathon","status":"publish","type":"post","link":"https:\/\/transvulcania.com\/en\/blandine-lhirondel-and-andreas-reiterer-a-taste-of-the-world-championships-at-the-2026-adidas-transvulcania-ultramarathon\/","title":{"rendered":"Blandine L&#8217;Hirondel and Andreas Reiterer: A Taste of the World Championships at the 2026 adidas Transvulcania Ultramarathon"},"content":{"rendered":"\t\t<div data-elementor-type=\"wp-post\" data-elementor-id=\"21139\" class=\"elementor elementor-21139 elementor-21125\" data-elementor-post-type=\"post\">\n\t\t\t\t<div class=\"elementor-element elementor-element-48a6cc7 e-flex e-con-boxed e-con e-parent\" data-id=\"48a6cc7\" data-element_type=\"container\" data-e-type=\"container\">\n\t\t\t\t\t<div class=\"e-con-inner\">\n\t\t\t\t<div class=\"elementor-element elementor-element-ca3656e elementor-widget elementor-widget-text-editor\" data-id=\"ca3656e\" data-element_type=\"widget\" data-e-type=\"widget\" data-widget_type=\"text-editor.default\">\n\t\t\t\t<div class=\"elementor-widget-container\">\n\t\t\t\t\t\t\t\t\t<div class=\"field field--name-field-noticias-entradilla field--type-text-long field--label-hidden field--item\">\n<div class=\"field field--name-field-noticias-entradilla field--type-text-long field--label-hidden field--item\">\n<div class=\"field field--name-field-noticias-entradilla field--type-text-long field--label-hidden field--item\">\n<div class=\"field field--name-field-noticias-entradilla field--type-text-long field--label-hidden field--item\">\n<div class=\"field field--name-field-noticias-entradilla field--type-text-long field--label-hidden field--item\">\n<div class=\"field field--name-field-noticias-entradilla field--type-text-long field--label-hidden field--item\">\n<h4>The two-time Trail World Champion and the two-time runner-up in the Trail Long World Championships bolster an all-star lineup for the flagship event on Isla Bonita.<\/h4>\n<\/div>\n<div class=\"field field--name-body field--type-text-with-summary field--label-hidden field--item\">\n<p>The organizers of the 2026 Transvulcania adidas continue to build a top-tier field with the confirmation of two of the most sought-after names on the international trail running scene: France\u2019s Blandine L\u2019Hirondel and Italy\u2019s Andreas Reiterer. Both athletes are joining the lineup for the Ultramarathon, the flagship 73-kilometer race set to take place on May 9 between the Fuencaliente Lighthouse and Los Llanos de Aridane. <\/p>\n<p>Blandine L&#8217;Hirondel (UTMB Index: 791), two-time Trail World Champion (2019 and 2022) and 2022 European Champion\u2014having won the title in La Palma (Revent\u00f3n El Paso)\u2014is in top form. On October 16, she achieved one of the major milestones of her career by winning La Diagonale des Fous (Le Grand Raid De La R\u00e9union), the legendary ultra-marathon covering 175 kilometers and over 10,000 meters of elevation gain, with a time of 27:26:09 that also earned her eighth place in the overall standings. <\/p>\n<p>Shortly before that, on August 29, he narrowly missed the podium at the grueling CCC race of the HOKA UTMB Mont-Blanc, where he finished in a commendable fourth place in the 101-kilometer race between Courmayeur and Chamonix.<\/p>\n<p>Already in 2026, L&#8217;Hirondel has kicked off the season in style by winning the Salomon EcoTrail Paris \u2013 Trail 35 km on March 22, a result that confirms his excellent form ahead of the event in La Palma.<\/p>\n<p>On the men\u2019s side, Transvulcania adidas has signed Andreas Reiterer, a member of La Sportiva. His UTMB Index of 907 points places him among the absolute elite of the global trail running scene, backed by an impressive list of achievements that includes silver medals at the 2022 and 2023 Long Distance Trail Running World Championships. <\/p>\n<p>Reiterer arrives in La Palma on the heels of one of the standout performances of his career. On March 21, he secured a brilliant second-place finish at the Chianti Ultra Trail by UTMB (120 km), with a time of 10:06:16, trailing only France\u2019s Thomas Cardin and finishing ahead of the 2024 UTMB winner, Vincent Bouillard. <\/p>\n<p>Reiterer is heading to Transvulcania eager to make his debut on the volcanic trails of La Palma and test himself on a course that marks a turning point in any trail runner\u2019s career.<\/p>\n<h4>A world-class lineup<\/h4>\n<p>The additions of L&#8217;Hirondel and Reiterer round out the star-studded lineup for the 2026 adidas Transvulcania Ultramarathon. Reiterer will face off against heavyweights such as Sweden\u2019s Petter Engdahl (winner of the 2022 edition) and Dmitri Mitiaev, who finished second in the 2018, 2019, and 2024 editions. <\/p>\n<p>In the women\u2019s category, the lineup features the highly anticipated return of Swedish legend Emelie Forsberg\u2014winner in 2013 and 2015, who is returning to Isla Bonita ten years later\u2014and Ekaterina Mitiaeva, runner-up in the 2025 Ultramarathon.<\/p>\n<p>La Transvulcania adidas est\u00e1 organizada por el Excmo. Cabildo Insular de La Palma a trav\u00e9s de la empresa p\u00fablica SODEPAL, contando con el apoyo del Gobierno de Canarias, a trav\u00e9s de la Consejer\u00eda de Turismo y de Promotur con su marca &#8220;Islas Canarias Latitud de Vida&#8221;, as\u00ed como de las empresas adidas, Hotel H10 Taburiente Playa, Hotel La Palma Princess, Hotel Meli\u00e1 La Palma, Fred. Olsen Express, Cicar, Spar La Palma, Coca-Cola, Libbys, Isola y Nutrinovex.  <\/p>\n<\/div>\n<\/div>\n<\/div>\n<\/div>\n<\/div>\n<\/div>\n\t\t\t\t\t\t\t\t<\/div>\n\t\t\t\t<\/div>\n\t\t\t\t\t<\/div>\n\t\t\t\t<\/div>\n\t\t\t\t<\/div>\n\t\t","protected":false},"excerpt":{"rendered":"<p>The two-time Trail World Champion and the two-time runner-up in the Trail Long World Championships bolster an all-star lineup for the flagship event on Isla Bonita. The organizers of the 2026 Transvulcania adidas continue to build a top-tier field with the confirmation of two of the most sought-after names on the international trail running scene: &#8230; <a title=\"Blandine L&#8217;Hirondel and Andreas Reiterer: A Taste of the World Championships at the 2026 adidas Transvulcania Ultramarathon\" class=\"read-more\" href=\"https:\/\/transvulcania.com\/en\/blandine-lhirondel-and-andreas-reiterer-a-taste-of-the-world-championships-at-the-2026-adidas-transvulcania-ultramarathon\/\" aria-label=\"Read more about Blandine L&#8217;Hirondel and Andreas Reiterer: A Taste of the World Championships at the 2026 adidas Transvulcania Ultramarathon\">Read more<\/a><\/p>\n","protected":false},"author":1,"featured_media":21131,"comment_status":"closed","ping_status":"closed","sticky":false,"template":"","format":"standard","meta":{"footnotes":""},"categories":[24],"tags":[],"class_list":["post-21139","post","type-post","status-publish","format-standard","has-post-thumbnail","hentry","category-news"],"yoast_head":"<!-- This site is optimized with the Yoast SEO Premium plugin v21.2 (Yoast SEO v21.2) - https:\/\/yoast.com\/wordpress\/plugins\/seo\/ -->\n<title>Blandine L&#039;Hirondel and Andreas Reiterer: A Taste of the World Championships at the 2026 adidas Transvulcania Ultramarathon - Transvulcania Terrex 2025 - Ultramarathon La Palma<\/title>\n<meta name=\"robots\" content=\"index, follow, max-snippet:-1, max-image-preview:large, max-video-preview:-1\" \/>\n<link rel=\"canonical\" href=\"https:\/\/transvulcania.com\/en\/blandine-lhirondel-and-andreas-reiterer-a-taste-of-the-world-championships-at-the-2026-adidas-transvulcania-ultramarathon\/\" \/>\n<meta property=\"og:locale\" content=\"en_US\" \/>\n<meta property=\"og:type\" content=\"article\" \/>\n<meta property=\"og:title\" content=\"Blandine L&#039;Hirondel and Andreas Reiterer: A Taste of the World Championships at the 2026 adidas Transvulcania Ultramarathon\" \/>\n<meta property=\"og:description\" content=\"The two-time Trail World Champion and the two-time runner-up in the Trail Long World Championships bolster an all-star lineup for the flagship event on Isla Bonita. The organizers of the 2026 Transvulcania adidas continue to build a top-tier field with the confirmation of two of the most sought-after names on the international trail running scene: ... Read more\" \/>\n<meta property=\"og:url\" content=\"https:\/\/transvulcania.com\/en\/blandine-lhirondel-and-andreas-reiterer-a-taste-of-the-world-championships-at-the-2026-adidas-transvulcania-ultramarathon\/\" \/>\n<meta property=\"og:site_name\" content=\"Transvulcania Terrex 2025 - Ultramarathon La Palma\" \/>\n<meta property=\"article:published_time\" content=\"2026-04-23T15:57:24+00:00\" \/>\n<meta property=\"article:modified_time\" content=\"2026-04-23T16:18:44+00:00\" \/>\n<meta property=\"og:image\" content=\"https:\/\/transvulcania.com\/wp-content\/uploads\/2026\/04\/TRV26_VanMarty-scaled.jpg\" \/>\n\t<meta property=\"og:image:width\" content=\"2560\" \/>\n\t<meta property=\"og:image:height\" content=\"1707\" \/>\n\t<meta property=\"og:image:type\" content=\"image\/jpeg\" \/>\n<meta name=\"author\" content=\"ivcabeza\" \/>\n<meta name=\"twitter:card\" content=\"summary_large_image\" \/>\n<meta name=\"twitter:label1\" content=\"Written by\" \/>\n\t<meta name=\"twitter:data1\" content=\"ivcabeza\" \/>\n\t<meta name=\"twitter:label2\" content=\"Est. reading time\" \/>\n\t<meta name=\"twitter:data2\" content=\"3 minutes\" \/>\n<script type=\"application\/ld+json\" class=\"yoast-schema-graph\">{\"@context\":\"https:\/\/schema.org\",\"@graph\":[{\"@type\":\"Article\",\"@id\":\"https:\/\/transvulcania.com\/en\/blandine-lhirondel-and-andreas-reiterer-a-taste-of-the-world-championships-at-the-2026-adidas-transvulcania-ultramarathon\/#article\",\"isPartOf\":{\"@id\":\"https:\/\/transvulcania.com\/en\/blandine-lhirondel-and-andreas-reiterer-a-taste-of-the-world-championships-at-the-2026-adidas-transvulcania-ultramarathon\/\"},\"author\":{\"name\":\"ivcabeza\",\"@id\":\"https:\/\/transvulcania.com\/en\/#\/schema\/person\/4610a4f4a57d4d177b681e8b0f934107\"},\"headline\":\"Blandine L&#8217;Hirondel and Andreas Reiterer: A Taste of the World Championships at the 2026 adidas Transvulcania Ultramarathon\",\"datePublished\":\"2026-04-23T15:57:24+00:00\",\"dateModified\":\"2026-04-23T16:18:44+00:00\",\"mainEntityOfPage\":{\"@id\":\"https:\/\/transvulcania.com\/en\/blandine-lhirondel-and-andreas-reiterer-a-taste-of-the-world-championships-at-the-2026-adidas-transvulcania-ultramarathon\/\"},\"wordCount\":559,\"publisher\":{\"@id\":\"https:\/\/transvulcania.com\/en\/#organization\"},\"articleSection\":[\"News\"],\"inLanguage\":\"en-US\"},{\"@type\":\"WebPage\",\"@id\":\"https:\/\/transvulcania.com\/en\/blandine-lhirondel-and-andreas-reiterer-a-taste-of-the-world-championships-at-the-2026-adidas-transvulcania-ultramarathon\/\",\"url\":\"https:\/\/transvulcania.com\/en\/blandine-lhirondel-and-andreas-reiterer-a-taste-of-the-world-championships-at-the-2026-adidas-transvulcania-ultramarathon\/\",\"name\":\"Blandine L'Hirondel and Andreas Reiterer: A Taste of the World Championships at the 2026 adidas Transvulcania Ultramarathon - Transvulcania Terrex 2025 - Ultramarathon La Palma\",\"isPartOf\":{\"@id\":\"https:\/\/transvulcania.com\/en\/#website\"},\"datePublished\":\"2026-04-23T15:57:24+00:00\",\"dateModified\":\"2026-04-23T16:18:44+00:00\",\"breadcrumb\":{\"@id\":\"https:\/\/transvulcania.com\/en\/blandine-lhirondel-and-andreas-reiterer-a-taste-of-the-world-championships-at-the-2026-adidas-transvulcania-ultramarathon\/#breadcrumb\"},\"inLanguage\":\"en-US\",\"potentialAction\":[{\"@type\":\"ReadAction\",\"target\":[\"https:\/\/transvulcania.com\/en\/blandine-lhirondel-and-andreas-reiterer-a-taste-of-the-world-championships-at-the-2026-adidas-transvulcania-ultramarathon\/\"]}]},{\"@type\":\"BreadcrumbList\",\"@id\":\"https:\/\/transvulcania.com\/en\/blandine-lhirondel-and-andreas-reiterer-a-taste-of-the-world-championships-at-the-2026-adidas-transvulcania-ultramarathon\/#breadcrumb\",\"itemListElement\":[{\"@type\":\"ListItem\",\"position\":1,\"name\":\"Home\",\"item\":\"https:\/\/transvulcania.com\/en\/\"},{\"@type\":\"ListItem\",\"position\":2,\"name\":\"Blandine L&#8217;Hirondel and Andreas Reiterer: A Taste of the World Championships at the 2026 adidas Transvulcania Ultramarathon\"}]},{\"@type\":\"WebSite\",\"@id\":\"https:\/\/transvulcania.com\/en\/#website\",\"url\":\"https:\/\/transvulcania.com\/en\/\",\"name\":\"Transvulcania Terrex 2025 - Ultramarathon La Palma\",\"description\":\"Transvulcania 2025 - Es la XV Edici\u00f3n de la Ultramarat\u00f3n de monta\u00f1a de la Isla La Palma\",\"publisher\":{\"@id\":\"https:\/\/transvulcania.com\/en\/#organization\"},\"potentialAction\":[{\"@type\":\"SearchAction\",\"target\":{\"@type\":\"EntryPoint\",\"urlTemplate\":\"https:\/\/transvulcania.com\/en\/?s={search_term_string}\"},\"query-input\":\"required name=search_term_string\"}],\"inLanguage\":\"en-US\"},{\"@type\":\"Organization\",\"@id\":\"https:\/\/transvulcania.com\/en\/#organization\",\"name\":\"Transvulcania Terrex 2025 - Ultramarathon La Palma\",\"url\":\"https:\/\/transvulcania.com\/en\/\",\"logo\":{\"@type\":\"ImageObject\",\"inLanguage\":\"en-US\",\"@id\":\"https:\/\/transvulcania.com\/en\/#\/schema\/logo\/image\/\",\"url\":\"https:\/\/transvulcania.com\/wp-content\/uploads\/2024\/03\/Logo_Transvulcania_Terrex.png\",\"contentUrl\":\"https:\/\/transvulcania.com\/wp-content\/uploads\/2024\/03\/Logo_Transvulcania_Terrex.png\",\"width\":431,\"height\":552,\"caption\":\"Transvulcania Terrex 2025 - Ultramarathon La Palma\"},\"image\":{\"@id\":\"https:\/\/transvulcania.com\/en\/#\/schema\/logo\/image\/\"}},{\"@type\":\"Person\",\"@id\":\"https:\/\/transvulcania.com\/en\/#\/schema\/person\/4610a4f4a57d4d177b681e8b0f934107\",\"name\":\"ivcabeza\",\"sameAs\":[\"https:\/\/transvulcania.com.es\"],\"url\":\"https:\/\/transvulcania.com\/en\/author\/ivcabeza\/\"}]}<\/script>\n<!-- \/ Yoast SEO Premium plugin. -->","yoast_head_json":{"title":"Blandine L'Hirondel and Andreas Reiterer: A Taste of the World Championships at the 2026 adidas Transvulcania Ultramarathon - Transvulcania Terrex 2025 - Ultramarathon La Palma","robots":{"index":"index","follow":"follow","max-snippet":"max-snippet:-1","max-image-preview":"max-image-preview:large","max-video-preview":"max-video-preview:-1"},"canonical":"https:\/\/transvulcania.com\/en\/blandine-lhirondel-and-andreas-reiterer-a-taste-of-the-world-championships-at-the-2026-adidas-transvulcania-ultramarathon\/","og_locale":"en_US","og_type":"article","og_title":"Blandine L'Hirondel and Andreas Reiterer: A Taste of the World Championships at the 2026 adidas Transvulcania Ultramarathon","og_description":"The two-time Trail World Champion and the two-time runner-up in the Trail Long World Championships bolster an all-star lineup for the flagship event on Isla Bonita. The organizers of the 2026 Transvulcania adidas continue to build a top-tier field with the confirmation of two of the most sought-after names on the international trail running scene: ... Read more","og_url":"https:\/\/transvulcania.com\/en\/blandine-lhirondel-and-andreas-reiterer-a-taste-of-the-world-championships-at-the-2026-adidas-transvulcania-ultramarathon\/","og_site_name":"Transvulcania Terrex 2025 - Ultramarathon La Palma","article_published_time":"2026-04-23T15:57:24+00:00","article_modified_time":"2026-04-23T16:18:44+00:00","og_image":[{"width":2560,"height":1707,"url":"https:\/\/transvulcania.com\/wp-content\/uploads\/2026\/04\/TRV26_VanMarty-scaled.jpg","type":"image\/jpeg"}],"author":"ivcabeza","twitter_card":"summary_large_image","twitter_misc":{"Written by":"ivcabeza","Est. reading time":"3 minutes"},"schema":{"@context":"https:\/\/schema.org","@graph":[{"@type":"Article","@id":"https:\/\/transvulcania.com\/en\/blandine-lhirondel-and-andreas-reiterer-a-taste-of-the-world-championships-at-the-2026-adidas-transvulcania-ultramarathon\/#article","isPartOf":{"@id":"https:\/\/transvulcania.com\/en\/blandine-lhirondel-and-andreas-reiterer-a-taste-of-the-world-championships-at-the-2026-adidas-transvulcania-ultramarathon\/"},"author":{"name":"ivcabeza","@id":"https:\/\/transvulcania.com\/en\/#\/schema\/person\/4610a4f4a57d4d177b681e8b0f934107"},"headline":"Blandine L&#8217;Hirondel and Andreas Reiterer: A Taste of the World Championships at the 2026 adidas Transvulcania Ultramarathon","datePublished":"2026-04-23T15:57:24+00:00","dateModified":"2026-04-23T16:18:44+00:00","mainEntityOfPage":{"@id":"https:\/\/transvulcania.com\/en\/blandine-lhirondel-and-andreas-reiterer-a-taste-of-the-world-championships-at-the-2026-adidas-transvulcania-ultramarathon\/"},"wordCount":559,"publisher":{"@id":"https:\/\/transvulcania.com\/en\/#organization"},"articleSection":["News"],"inLanguage":"en-US"},{"@type":"WebPage","@id":"https:\/\/transvulcania.com\/en\/blandine-lhirondel-and-andreas-reiterer-a-taste-of-the-world-championships-at-the-2026-adidas-transvulcania-ultramarathon\/","url":"https:\/\/transvulcania.com\/en\/blandine-lhirondel-and-andreas-reiterer-a-taste-of-the-world-championships-at-the-2026-adidas-transvulcania-ultramarathon\/","name":"Blandine L'Hirondel and Andreas Reiterer: A Taste of the World Championships at the 2026 adidas Transvulcania Ultramarathon - Transvulcania Terrex 2025 - Ultramarathon La Palma","isPartOf":{"@id":"https:\/\/transvulcania.com\/en\/#website"},"datePublished":"2026-04-23T15:57:24+00:00","dateModified":"2026-04-23T16:18:44+00:00","breadcrumb":{"@id":"https:\/\/transvulcania.com\/en\/blandine-lhirondel-and-andreas-reiterer-a-taste-of-the-world-championships-at-the-2026-adidas-transvulcania-ultramarathon\/#breadcrumb"},"inLanguage":"en-US","potentialAction":[{"@type":"ReadAction","target":["https:\/\/transvulcania.com\/en\/blandine-lhirondel-and-andreas-reiterer-a-taste-of-the-world-championships-at-the-2026-adidas-transvulcania-ultramarathon\/"]}]},{"@type":"BreadcrumbList","@id":"https:\/\/transvulcania.com\/en\/blandine-lhirondel-and-andreas-reiterer-a-taste-of-the-world-championships-at-the-2026-adidas-transvulcania-ultramarathon\/#breadcrumb","itemListElement":[{"@type":"ListItem","position":1,"name":"Home","item":"https:\/\/transvulcania.com\/en\/"},{"@type":"ListItem","position":2,"name":"Blandine L&#8217;Hirondel and Andreas Reiterer: A Taste of the World Championships at the 2026 adidas Transvulcania Ultramarathon"}]},{"@type":"WebSite","@id":"https:\/\/transvulcania.com\/en\/#website","url":"https:\/\/transvulcania.com\/en\/","name":"Transvulcania Terrex 2025 - Ultramarathon La Palma","description":"Transvulcania 2025 - Es la XV Edici\u00f3n de la Ultramarat\u00f3n de monta\u00f1a de la Isla La Palma","publisher":{"@id":"https:\/\/transvulcania.com\/en\/#organization"},"potentialAction":[{"@type":"SearchAction","target":{"@type":"EntryPoint","urlTemplate":"https:\/\/transvulcania.com\/en\/?s={search_term_string}"},"query-input":"required name=search_term_string"}],"inLanguage":"en-US"},{"@type":"Organization","@id":"https:\/\/transvulcania.com\/en\/#organization","name":"Transvulcania Terrex 2025 - Ultramarathon La Palma","url":"https:\/\/transvulcania.com\/en\/","logo":{"@type":"ImageObject","inLanguage":"en-US","@id":"https:\/\/transvulcania.com\/en\/#\/schema\/logo\/image\/","url":"https:\/\/transvulcania.com\/wp-content\/uploads\/2024\/03\/Logo_Transvulcania_Terrex.png","contentUrl":"https:\/\/transvulcania.com\/wp-content\/uploads\/2024\/03\/Logo_Transvulcania_Terrex.png","width":431,"height":552,"caption":"Transvulcania Terrex 2025 - Ultramarathon La Palma"},"image":{"@id":"https:\/\/transvulcania.com\/en\/#\/schema\/logo\/image\/"}},{"@type":"Person","@id":"https:\/\/transvulcania.com\/en\/#\/schema\/person\/4610a4f4a57d4d177b681e8b0f934107","name":"ivcabeza","sameAs":["https:\/\/transvulcania.com.es"],"url":"https:\/\/transvulcania.com\/en\/author\/ivcabeza\/"}]}},"_links":{"self":[{"href":"https:\/\/transvulcania.com\/en\/wp-json\/wp\/v2\/posts\/21139","targetHints":{"allow":["GET"]}}],"collection":[{"href":"https:\/\/transvulcania.com\/en\/wp-json\/wp\/v2\/posts"}],"about":[{"href":"https:\/\/transvulcania.com\/en\/wp-json\/wp\/v2\/types\/post"}],"author":[{"embeddable":true,"href":"https:\/\/transvulcania.com\/en\/wp-json\/wp\/v2\/users\/1"}],"replies":[{"embeddable":true,"href":"https:\/\/transvulcania.com\/en\/wp-json\/wp\/v2\/comments?post=21139"}],"version-history":[{"count":1,"href":"https:\/\/transvulcania.com\/en\/wp-json\/wp\/v2\/posts\/21139\/revisions"}],"predecessor-version":[{"id":21140,"href":"https:\/\/transvulcania.com\/en\/wp-json\/wp\/v2\/posts\/21139\/revisions\/21140"}],"wp:featuredmedia":[{"embeddable":true,"href":"https:\/\/transvulcania.com\/en\/wp-json\/wp\/v2\/media\/21131"}],"wp:attachment":[{"href":"https:\/\/transvulcania.com\/en\/wp-json\/wp\/v2\/media?parent=21139"}],"wp:term":[{"taxonomy":"category","embeddable":true,"href":"https:\/\/transvulcania.com\/en\/wp-json\/wp\/v2\/categories?post=21139"},{"taxonomy":"post_tag","embeddable":true,"href":"https:\/\/transvulcania.com\/en\/wp-json\/wp\/v2\/tags?post=21139"}],"curies":[{"name":"wp","href":"https:\/\/api.w.org\/{rel}","templated":true}]}}