{"id":20931,"date":"2026-04-09T13:30:48","date_gmt":"2026-04-09T12:30:48","guid":{"rendered":"https:\/\/transvulcania.com\/petter-engdahl-returns-to-the-adidas-transvulcania-to-reclaim-his-title\/"},"modified":"2026-04-09T13:40:33","modified_gmt":"2026-04-09T12:40:33","slug":"petter-engdahl-returns-to-the-adidas-transvulcania-to-reclaim-his-title","status":"publish","type":"post","link":"https:\/\/transvulcania.com\/en\/petter-engdahl-returns-to-the-adidas-transvulcania-to-reclaim-his-title\/","title":{"rendered":"Petter Engdahl returns to the adidas Transvulcania to reclaim his title"},"content":{"rendered":"\t\t<div data-elementor-type=\"wp-post\" data-elementor-id=\"20931\" class=\"elementor elementor-20931 elementor-20923\" data-elementor-post-type=\"post\">\n\t\t\t\t<div class=\"elementor-element elementor-element-48a6cc7 e-flex e-con-boxed e-con e-parent\" data-id=\"48a6cc7\" data-element_type=\"container\" data-e-type=\"container\">\n\t\t\t\t\t<div class=\"e-con-inner\">\n\t\t\t\t<div class=\"elementor-element elementor-element-ca3656e elementor-widget elementor-widget-text-editor\" data-id=\"ca3656e\" data-element_type=\"widget\" data-e-type=\"widget\" data-widget_type=\"text-editor.default\">\n\t\t\t\t<div class=\"elementor-widget-container\">\n\t\t\t\t\t\t\t\t\t<div class=\"field field--name-field-noticias-entradilla field--type-text-long field--label-hidden field--item\">\n<div class=\"field field--name-field-noticias-entradilla field--type-text-long field--label-hidden field--item\">\n<p>The organizers of the adidas Transvulcania are proud to announce the return of one of the standout names who has shaped the race\u2019s recent history: Sweden\u2019s Petter Engdahl. The 2022 champion returns to Isla Bonita with a clear goal: to reclaim the title and reaffirm his status as one of the most well-rounded, explosive, and dominant athletes in international trail running. <\/p>\n<p>Engdahl\u2019s interest in returning to the adidas Transvulcania is a major boost for the race, which is thus assembling a competitive field of the highest international caliber. He is not just another runner on the starting line, but a true standout on the international circuit, capable of setting the pace from the very first kilometer all the way to the legendary finish line in Los Llanos de Aridane.<br \/>Translated with DeepL.com (free version) <\/p>\n<p>A standout member of the Adidas Terrex team, Engdahl embodies the perfect blend of raw speed and extreme endurance. Few runners in the world can match his ability to maintain marathon-paced speeds on paved roads while tackling technical high-mountain terrain\u2014a quality that makes him one of the most spectacular figures on the current trail running scene. <\/p>\n<p>His victory at Transvulcania 2022 remains etched in the collective memory as one of the most dominant performances of the past decade. That day, the Swede not only won\u2014with a time of 7:10:29\u2014but also redefined the way the race is run on the Isla Bonita, imposing an aggressive, courageous, and uncompromising style on some of the most demanding sections of the course, from Roque de los Muchachos to the final descent. <\/p>\n<p>Engdahl\u2019s name joins that of another prominent figure in the race, his compatriot Emelie Forsberg, whose participation was confirmed weeks ago. The presence of these two leading figures in Nordic trail running reinforces the event\u2019s global character, promises a world-class sporting spectacle on Isla Bonita, and also serves as a clear nod to the international legacy of Transvulcania adidas. <\/p>\n<h4>The man who pushes the limits<\/h4>\n<p>Petter Engdahl arrives on La Palma at the peak of his athletic career. His recent achievements have raised the bar for trail running worldwide and pushed the boundaries of what\u2019s possible in long-distance running: <\/p>\n<ul>\n<li>Winner of Transvulcania 2022.<\/li>\n<li>All-time record at the CCC (UTMB Mont-Blanc) 2022: first runner to finish the Chamonix 100 km in under 10 hours (9:53:02).<\/li>\n<li>Winner of the Eiger Ultra Trail 101K (2024): a commanding victory in one of the most demanding Alpine settings.<\/li>\n<li>Transgrancanaria Champion (Advanced): proving his affinity for the Canarian terrain.<\/li>\n<li>Podium finishes in the Golden Trail World Series: explosive power and technical skill on fast, technical courses.<\/li>\n<\/ul>\n<p>With this return, Transvulcania adidas not only welcomes back one of its most iconic champions but also solidifies its position as one of the most exciting and competitive events on the international calendar. Engdahl\u2019s participation automatically raises the bar and promises an edition of the highest intensity. <\/p>\n<h4>La cuenta atr\u00e1s ha comenzado. Y Petter Engdahl ya ha lanzado su mensaje: vuelve a La Palma para ganar. <\/h4>\n<p>The adidas Transvulcania is organized by the Island Council of La Palma through the public company SODEPAL, with the support of the Government of the Canary Islands, through the Department of Tourism and Promotur with its brand \u201cIslas Canarias Latitud de Vida,\u201d as well as the companies adidas, Hotel H10 Taburiente Playa, Hotel La Palma Princess, Hotel Meli\u00e1 La Palma, Fred. Olsen Express, Cicar, Spar La Palma, Coca-Cola, Libbys, Isola, and Nutrinovex.  <\/p>\n<\/div>\n<\/div>\n\t\t\t\t\t\t\t\t<\/div>\n\t\t\t\t<\/div>\n\t\t\t\t\t<\/div>\n\t\t\t\t<\/div>\n\t\t\t\t<\/div>\n\t\t","protected":false},"excerpt":{"rendered":"<p>The organizers of the adidas Transvulcania are proud to announce the return of one of the standout names who has shaped the race\u2019s recent history: Sweden\u2019s Petter Engdahl. The 2022 champion returns to Isla Bonita with a clear goal: to reclaim the title and reaffirm his status as one of the most well-rounded, explosive, and &#8230; <a title=\"Petter Engdahl returns to the adidas Transvulcania to reclaim his title\" class=\"read-more\" href=\"https:\/\/transvulcania.com\/en\/petter-engdahl-returns-to-the-adidas-transvulcania-to-reclaim-his-title\/\" aria-label=\"Read more about Petter Engdahl returns to the adidas Transvulcania to reclaim his title\">Read more<\/a><\/p>\n","protected":false},"author":1,"featured_media":20926,"comment_status":"closed","ping_status":"closed","sticky":false,"template":"","format":"standard","meta":{"footnotes":""},"categories":[24],"tags":[],"class_list":["post-20931","post","type-post","status-publish","format-standard","has-post-thumbnail","hentry","category-news"],"yoast_head":"<!-- This site is optimized with the Yoast SEO Premium plugin v21.2 (Yoast SEO v21.2) - https:\/\/yoast.com\/wordpress\/plugins\/seo\/ -->\n<title>Petter Engdahl returns to the adidas Transvulcania to reclaim his title - Transvulcania Terrex 2025 - Ultramarathon La Palma<\/title>\n<meta name=\"robots\" content=\"index, follow, max-snippet:-1, max-image-preview:large, max-video-preview:-1\" \/>\n<link rel=\"canonical\" href=\"https:\/\/transvulcania.com\/en\/petter-engdahl-returns-to-the-adidas-transvulcania-to-reclaim-his-title\/\" \/>\n<meta property=\"og:locale\" content=\"en_US\" \/>\n<meta property=\"og:type\" content=\"article\" \/>\n<meta property=\"og:title\" content=\"Petter Engdahl returns to the adidas Transvulcania to reclaim his title\" \/>\n<meta property=\"og:description\" content=\"The organizers of the adidas Transvulcania are proud to announce the return of one of the standout names who has shaped the race\u2019s recent history: Sweden\u2019s Petter Engdahl. The 2022 champion returns to Isla Bonita with a clear goal: to reclaim the title and reaffirm his status as one of the most well-rounded, explosive, and ... Read more\" \/>\n<meta property=\"og:url\" content=\"https:\/\/transvulcania.com\/en\/petter-engdahl-returns-to-the-adidas-transvulcania-to-reclaim-his-title\/\" \/>\n<meta property=\"og:site_name\" content=\"Transvulcania Terrex 2025 - Ultramarathon La Palma\" \/>\n<meta property=\"article:published_time\" content=\"2026-04-09T12:30:48+00:00\" \/>\n<meta property=\"article:modified_time\" content=\"2026-04-09T12:40:33+00:00\" \/>\n<meta property=\"og:image\" content=\"https:\/\/transvulcania.com\/wp-content\/uploads\/2026\/04\/Engdahl_TRV26.jpeg\" \/>\n\t<meta property=\"og:image:width\" content=\"1600\" \/>\n\t<meta property=\"og:image:height\" content=\"1067\" \/>\n\t<meta property=\"og:image:type\" content=\"image\/jpeg\" \/>\n<meta name=\"author\" content=\"ivcabeza\" \/>\n<meta name=\"twitter:card\" content=\"summary_large_image\" \/>\n<meta name=\"twitter:label1\" content=\"Written by\" \/>\n\t<meta name=\"twitter:data1\" content=\"ivcabeza\" \/>\n\t<meta name=\"twitter:label2\" content=\"Est. reading time\" \/>\n\t<meta name=\"twitter:data2\" content=\"3 minutes\" \/>\n<script type=\"application\/ld+json\" class=\"yoast-schema-graph\">{\"@context\":\"https:\/\/schema.org\",\"@graph\":[{\"@type\":\"Article\",\"@id\":\"https:\/\/transvulcania.com\/en\/petter-engdahl-returns-to-the-adidas-transvulcania-to-reclaim-his-title\/#article\",\"isPartOf\":{\"@id\":\"https:\/\/transvulcania.com\/en\/petter-engdahl-returns-to-the-adidas-transvulcania-to-reclaim-his-title\/\"},\"author\":{\"name\":\"ivcabeza\",\"@id\":\"https:\/\/transvulcania.com\/en\/#\/schema\/person\/4610a4f4a57d4d177b681e8b0f934107\"},\"headline\":\"Petter Engdahl returns to the adidas Transvulcania to reclaim his title\",\"datePublished\":\"2026-04-09T12:30:48+00:00\",\"dateModified\":\"2026-04-09T12:40:33+00:00\",\"mainEntityOfPage\":{\"@id\":\"https:\/\/transvulcania.com\/en\/petter-engdahl-returns-to-the-adidas-transvulcania-to-reclaim-his-title\/\"},\"wordCount\":583,\"publisher\":{\"@id\":\"https:\/\/transvulcania.com\/en\/#organization\"},\"articleSection\":[\"News\"],\"inLanguage\":\"en-US\"},{\"@type\":\"WebPage\",\"@id\":\"https:\/\/transvulcania.com\/en\/petter-engdahl-returns-to-the-adidas-transvulcania-to-reclaim-his-title\/\",\"url\":\"https:\/\/transvulcania.com\/en\/petter-engdahl-returns-to-the-adidas-transvulcania-to-reclaim-his-title\/\",\"name\":\"Petter Engdahl returns to the adidas Transvulcania to reclaim his title - Transvulcania Terrex 2025 - Ultramarathon La Palma\",\"isPartOf\":{\"@id\":\"https:\/\/transvulcania.com\/en\/#website\"},\"datePublished\":\"2026-04-09T12:30:48+00:00\",\"dateModified\":\"2026-04-09T12:40:33+00:00\",\"breadcrumb\":{\"@id\":\"https:\/\/transvulcania.com\/en\/petter-engdahl-returns-to-the-adidas-transvulcania-to-reclaim-his-title\/#breadcrumb\"},\"inLanguage\":\"en-US\",\"potentialAction\":[{\"@type\":\"ReadAction\",\"target\":[\"https:\/\/transvulcania.com\/en\/petter-engdahl-returns-to-the-adidas-transvulcania-to-reclaim-his-title\/\"]}]},{\"@type\":\"BreadcrumbList\",\"@id\":\"https:\/\/transvulcania.com\/en\/petter-engdahl-returns-to-the-adidas-transvulcania-to-reclaim-his-title\/#breadcrumb\",\"itemListElement\":[{\"@type\":\"ListItem\",\"position\":1,\"name\":\"Home\",\"item\":\"https:\/\/transvulcania.com\/en\/\"},{\"@type\":\"ListItem\",\"position\":2,\"name\":\"Petter Engdahl returns to the adidas Transvulcania to reclaim his title\"}]},{\"@type\":\"WebSite\",\"@id\":\"https:\/\/transvulcania.com\/en\/#website\",\"url\":\"https:\/\/transvulcania.com\/en\/\",\"name\":\"Transvulcania Terrex 2025 - Ultramarathon La Palma\",\"description\":\"Transvulcania 2025 - Es la XV Edici\u00f3n de la Ultramarat\u00f3n de monta\u00f1a de la Isla La Palma\",\"publisher\":{\"@id\":\"https:\/\/transvulcania.com\/en\/#organization\"},\"potentialAction\":[{\"@type\":\"SearchAction\",\"target\":{\"@type\":\"EntryPoint\",\"urlTemplate\":\"https:\/\/transvulcania.com\/en\/?s={search_term_string}\"},\"query-input\":\"required name=search_term_string\"}],\"inLanguage\":\"en-US\"},{\"@type\":\"Organization\",\"@id\":\"https:\/\/transvulcania.com\/en\/#organization\",\"name\":\"Transvulcania Terrex 2025 - Ultramarathon La Palma\",\"url\":\"https:\/\/transvulcania.com\/en\/\",\"logo\":{\"@type\":\"ImageObject\",\"inLanguage\":\"en-US\",\"@id\":\"https:\/\/transvulcania.com\/en\/#\/schema\/logo\/image\/\",\"url\":\"https:\/\/transvulcania.com\/wp-content\/uploads\/2024\/03\/Logo_Transvulcania_Terrex.png\",\"contentUrl\":\"https:\/\/transvulcania.com\/wp-content\/uploads\/2024\/03\/Logo_Transvulcania_Terrex.png\",\"width\":431,\"height\":552,\"caption\":\"Transvulcania Terrex 2025 - Ultramarathon La Palma\"},\"image\":{\"@id\":\"https:\/\/transvulcania.com\/en\/#\/schema\/logo\/image\/\"}},{\"@type\":\"Person\",\"@id\":\"https:\/\/transvulcania.com\/en\/#\/schema\/person\/4610a4f4a57d4d177b681e8b0f934107\",\"name\":\"ivcabeza\",\"sameAs\":[\"https:\/\/transvulcania.com.es\"],\"url\":\"https:\/\/transvulcania.com\/en\/author\/ivcabeza\/\"}]}<\/script>\n<!-- \/ Yoast SEO Premium plugin. -->","yoast_head_json":{"title":"Petter Engdahl returns to the adidas Transvulcania to reclaim his title - Transvulcania Terrex 2025 - Ultramarathon La Palma","robots":{"index":"index","follow":"follow","max-snippet":"max-snippet:-1","max-image-preview":"max-image-preview:large","max-video-preview":"max-video-preview:-1"},"canonical":"https:\/\/transvulcania.com\/en\/petter-engdahl-returns-to-the-adidas-transvulcania-to-reclaim-his-title\/","og_locale":"en_US","og_type":"article","og_title":"Petter Engdahl returns to the adidas Transvulcania to reclaim his title","og_description":"The organizers of the adidas Transvulcania are proud to announce the return of one of the standout names who has shaped the race\u2019s recent history: Sweden\u2019s Petter Engdahl. The 2022 champion returns to Isla Bonita with a clear goal: to reclaim the title and reaffirm his status as one of the most well-rounded, explosive, and ... Read more","og_url":"https:\/\/transvulcania.com\/en\/petter-engdahl-returns-to-the-adidas-transvulcania-to-reclaim-his-title\/","og_site_name":"Transvulcania Terrex 2025 - Ultramarathon La Palma","article_published_time":"2026-04-09T12:30:48+00:00","article_modified_time":"2026-04-09T12:40:33+00:00","og_image":[{"width":1600,"height":1067,"url":"https:\/\/transvulcania.com\/wp-content\/uploads\/2026\/04\/Engdahl_TRV26.jpeg","type":"image\/jpeg"}],"author":"ivcabeza","twitter_card":"summary_large_image","twitter_misc":{"Written by":"ivcabeza","Est. reading time":"3 minutes"},"schema":{"@context":"https:\/\/schema.org","@graph":[{"@type":"Article","@id":"https:\/\/transvulcania.com\/en\/petter-engdahl-returns-to-the-adidas-transvulcania-to-reclaim-his-title\/#article","isPartOf":{"@id":"https:\/\/transvulcania.com\/en\/petter-engdahl-returns-to-the-adidas-transvulcania-to-reclaim-his-title\/"},"author":{"name":"ivcabeza","@id":"https:\/\/transvulcania.com\/en\/#\/schema\/person\/4610a4f4a57d4d177b681e8b0f934107"},"headline":"Petter Engdahl returns to the adidas Transvulcania to reclaim his title","datePublished":"2026-04-09T12:30:48+00:00","dateModified":"2026-04-09T12:40:33+00:00","mainEntityOfPage":{"@id":"https:\/\/transvulcania.com\/en\/petter-engdahl-returns-to-the-adidas-transvulcania-to-reclaim-his-title\/"},"wordCount":583,"publisher":{"@id":"https:\/\/transvulcania.com\/en\/#organization"},"articleSection":["News"],"inLanguage":"en-US"},{"@type":"WebPage","@id":"https:\/\/transvulcania.com\/en\/petter-engdahl-returns-to-the-adidas-transvulcania-to-reclaim-his-title\/","url":"https:\/\/transvulcania.com\/en\/petter-engdahl-returns-to-the-adidas-transvulcania-to-reclaim-his-title\/","name":"Petter Engdahl returns to the adidas Transvulcania to reclaim his title - Transvulcania Terrex 2025 - Ultramarathon La Palma","isPartOf":{"@id":"https:\/\/transvulcania.com\/en\/#website"},"datePublished":"2026-04-09T12:30:48+00:00","dateModified":"2026-04-09T12:40:33+00:00","breadcrumb":{"@id":"https:\/\/transvulcania.com\/en\/petter-engdahl-returns-to-the-adidas-transvulcania-to-reclaim-his-title\/#breadcrumb"},"inLanguage":"en-US","potentialAction":[{"@type":"ReadAction","target":["https:\/\/transvulcania.com\/en\/petter-engdahl-returns-to-the-adidas-transvulcania-to-reclaim-his-title\/"]}]},{"@type":"BreadcrumbList","@id":"https:\/\/transvulcania.com\/en\/petter-engdahl-returns-to-the-adidas-transvulcania-to-reclaim-his-title\/#breadcrumb","itemListElement":[{"@type":"ListItem","position":1,"name":"Home","item":"https:\/\/transvulcania.com\/en\/"},{"@type":"ListItem","position":2,"name":"Petter Engdahl returns to the adidas Transvulcania to reclaim his title"}]},{"@type":"WebSite","@id":"https:\/\/transvulcania.com\/en\/#website","url":"https:\/\/transvulcania.com\/en\/","name":"Transvulcania Terrex 2025 - Ultramarathon La Palma","description":"Transvulcania 2025 - Es la XV Edici\u00f3n de la Ultramarat\u00f3n de monta\u00f1a de la Isla La Palma","publisher":{"@id":"https:\/\/transvulcania.com\/en\/#organization"},"potentialAction":[{"@type":"SearchAction","target":{"@type":"EntryPoint","urlTemplate":"https:\/\/transvulcania.com\/en\/?s={search_term_string}"},"query-input":"required name=search_term_string"}],"inLanguage":"en-US"},{"@type":"Organization","@id":"https:\/\/transvulcania.com\/en\/#organization","name":"Transvulcania Terrex 2025 - Ultramarathon La Palma","url":"https:\/\/transvulcania.com\/en\/","logo":{"@type":"ImageObject","inLanguage":"en-US","@id":"https:\/\/transvulcania.com\/en\/#\/schema\/logo\/image\/","url":"https:\/\/transvulcania.com\/wp-content\/uploads\/2024\/03\/Logo_Transvulcania_Terrex.png","contentUrl":"https:\/\/transvulcania.com\/wp-content\/uploads\/2024\/03\/Logo_Transvulcania_Terrex.png","width":431,"height":552,"caption":"Transvulcania Terrex 2025 - Ultramarathon La Palma"},"image":{"@id":"https:\/\/transvulcania.com\/en\/#\/schema\/logo\/image\/"}},{"@type":"Person","@id":"https:\/\/transvulcania.com\/en\/#\/schema\/person\/4610a4f4a57d4d177b681e8b0f934107","name":"ivcabeza","sameAs":["https:\/\/transvulcania.com.es"],"url":"https:\/\/transvulcania.com\/en\/author\/ivcabeza\/"}]}},"_links":{"self":[{"href":"https:\/\/transvulcania.com\/en\/wp-json\/wp\/v2\/posts\/20931","targetHints":{"allow":["GET"]}}],"collection":[{"href":"https:\/\/transvulcania.com\/en\/wp-json\/wp\/v2\/posts"}],"about":[{"href":"https:\/\/transvulcania.com\/en\/wp-json\/wp\/v2\/types\/post"}],"author":[{"embeddable":true,"href":"https:\/\/transvulcania.com\/en\/wp-json\/wp\/v2\/users\/1"}],"replies":[{"embeddable":true,"href":"https:\/\/transvulcania.com\/en\/wp-json\/wp\/v2\/comments?post=20931"}],"version-history":[{"count":1,"href":"https:\/\/transvulcania.com\/en\/wp-json\/wp\/v2\/posts\/20931\/revisions"}],"predecessor-version":[{"id":20932,"href":"https:\/\/transvulcania.com\/en\/wp-json\/wp\/v2\/posts\/20931\/revisions\/20932"}],"wp:featuredmedia":[{"embeddable":true,"href":"https:\/\/transvulcania.com\/en\/wp-json\/wp\/v2\/media\/20926"}],"wp:attachment":[{"href":"https:\/\/transvulcania.com\/en\/wp-json\/wp\/v2\/media?parent=20931"}],"wp:term":[{"taxonomy":"category","embeddable":true,"href":"https:\/\/transvulcania.com\/en\/wp-json\/wp\/v2\/categories?post=20931"},{"taxonomy":"post_tag","embeddable":true,"href":"https:\/\/transvulcania.com\/en\/wp-json\/wp\/v2\/tags?post=20931"}],"curies":[{"name":"wp","href":"https:\/\/api.w.org\/{rel}","templated":true}]}}