{"id":14244,"date":"2025-05-08T20:27:10","date_gmt":"2025-05-08T19:27:10","guid":{"rendered":"https:\/\/transvulcania.com\/luca-del-pero-and-maude-mathys-winners-of-the-vertical-climb-of-the-fifteenth-edition-of-transvulcania-adidas-terrex\/"},"modified":"2025-05-09T09:26:59","modified_gmt":"2025-05-09T08:26:59","slug":"luca-del-pero-and-maude-mathys-winners-of-the-vertical-climb-of-the-fifteenth-edition-of-transvulcania-adidas-terrex","status":"publish","type":"post","link":"https:\/\/transvulcania.com\/en\/luca-del-pero-and-maude-mathys-winners-of-the-vertical-climb-of-the-fifteenth-edition-of-transvulcania-adidas-terrex\/","title":{"rendered":"Luca del Pero and Maude Mathys, winners of the Vertical Climb of the fifteenth edition of Transvulcania adidas TERREX"},"content":{"rendered":"\t\t<div data-elementor-type=\"wp-post\" data-elementor-id=\"14244\" class=\"elementor elementor-14244 elementor-14235\" data-elementor-post-type=\"post\">\n\t\t\t\t<div class=\"elementor-element elementor-element-536e3034 e-flex e-con-boxed e-con e-parent\" data-id=\"536e3034\" data-element_type=\"container\" data-e-type=\"container\">\n\t\t\t\t\t<div class=\"e-con-inner\">\n\t\t\t\t<div class=\"elementor-element elementor-element-45773901 elementor-widget elementor-widget-text-editor\" data-id=\"45773901\" data-element_type=\"widget\" data-e-type=\"widget\" data-widget_type=\"text-editor.default\">\n\t\t\t\t<div class=\"elementor-widget-container\">\n\t\t\t\t\t\t\t\t\t<h4>The Swiss runner breaks the record for the most explosive distance of the palm tree race.<\/h4><p>The fifteenth edition of the Transvulcania adidas TERREX celebrated the first of its competition days with the Vertical Climb in which around 160 runners participated, starting from the Puerto de Tazacorte and arriving at the Torre de El Time with a little more than seven kilometers between one point and the other.<\/p><p>The race, explosive and spectacular as always, crowned Luca del Pero (47:59) and Maude Mathys (56:39) as the winners. The Italian runner and the Swiss athlete imposed their greater regularity in the hard ramps of the race to inscribe their name as winners of the race that inaugurated the competitive calendar of this fifteenth edition of the race in La Palma.<\/p><p>The transalpine was looking hard for the record of the race, held by the Norwegian Stian Angermud-Vik, which was quite close. The Swiss athlete did achieve it, leaving a performance for the history of the Transvulcania adidas TERREX as fifth in the absolute classification.<\/p><p>The competition was tough for the two winners because both Diego Diaz, among the male participants, and Silvia Lara and Yuri Yoshizumi, among the women, pushed for the top of the podium at the end of the day. Thus, what was experienced in this Vertical Climb was a sporting exhibition as there are few in the world of mountain races.<\/p><p>There was excitement and there was spectacle because as the participants were passing through the reference points were happening changes of leadership while the favorites were growing little by little and overcoming the runners and runners who preceded them at the start. Until they passed Pero and Mathys, breaking the records one after another.<\/p><p>In the end it was Del Pero and Mathys who set the most regular pace at the finish line. Diego Diaz (50:41) and Boris Orlhac (50:49) completed the men&#8217;s podium while Silvia Lara (1h.02:22) and Yuri Yoshizumi (1h.02:46) were second and third in the women&#8217;s race.<\/p><p>The Transvulcania adidas TERREX is organised by the Cabildo Insular de La Palma through the public company SODEPAL, with the support of the Government of the Canary Islands, through the Department of Tourism and Promotur with its brand \u2018Islas Canarias Latitud de Vida\u2019, as well as the companies 226ERS, Hotel H10 Taburiente Playa, Hotel La Palma Princess, Hotel Meli\u00e1 La Palma, Fred. Olsen Express, Cicar, Spar La Palma, Coca-Cola, Libbys and Isola.<\/p>\t\t\t\t\t\t\t\t<\/div>\n\t\t\t\t<\/div>\n\t\t\t\t<div class=\"elementor-element elementor-element-30fd399 elementor-widget elementor-widget-gallery\" data-id=\"30fd399\" data-element_type=\"widget\" data-e-type=\"widget\" data-settings=\"{&quot;columns&quot;:2,&quot;aspect_ratio&quot;:&quot;1:1&quot;,&quot;lazyload&quot;:&quot;yes&quot;,&quot;gallery_layout&quot;:&quot;grid&quot;,&quot;columns_tablet&quot;:2,&quot;columns_mobile&quot;:1,&quot;gap&quot;:{&quot;unit&quot;:&quot;px&quot;,&quot;size&quot;:10,&quot;sizes&quot;:[]},&quot;gap_tablet&quot;:{&quot;unit&quot;:&quot;px&quot;,&quot;size&quot;:10,&quot;sizes&quot;:[]},&quot;gap_mobile&quot;:{&quot;unit&quot;:&quot;px&quot;,&quot;size&quot;:10,&quot;sizes&quot;:[]},&quot;link_to&quot;:&quot;file&quot;,&quot;overlay_background&quot;:&quot;yes&quot;,&quot;content_hover_animation&quot;:&quot;fade-in&quot;}\" data-widget_type=\"gallery.default\">\n\t\t\t\t<div class=\"elementor-widget-container\">\n\t\t\t\t\t\t\t<div class=\"elementor-gallery__container\">\n\t\t\t\t\t\t\t<a class=\"e-gallery-item elementor-gallery-item elementor-animated-content\" href=\"https:\/\/transvulcania.com\/wp-content\/uploads\/2025\/05\/DelPero-scaled.jpg\" data-elementor-open-lightbox=\"yes\" data-elementor-lightbox-slideshow=\"30fd399\" data-elementor-lightbox-title=\"DelPero\" data-e-action-hash=\"#elementor-action%3Aaction%3Dlightbox%26settings%3DeyJpZCI6MTQyNDAsInVybCI6Imh0dHBzOlwvXC90cmFuc3Z1bGNhbmlhLmNvbVwvd3AtY29udGVudFwvdXBsb2Fkc1wvMjAyNVwvMDVcL0RlbFBlcm8tc2NhbGVkLmpwZyIsInNsaWRlc2hvdyI6IjMwZmQzOTkifQ%3D%3D\">\n\t\t\t\t\t<div class=\"e-gallery-image elementor-gallery-item__image\" data-thumbnail=\"https:\/\/transvulcania.com\/wp-content\/uploads\/2025\/05\/DelPero-768x511.jpg\" data-width=\"768\" data-height=\"511\" aria-label=\"\" role=\"img\" ><\/div>\n\t\t\t\t\t\t\t\t\t\t\t<div class=\"elementor-gallery-item__overlay\"><\/div>\n\t\t\t\t\t\t\t\t\t\t\t\t\t\t<\/a>\n\t\t\t\t\t\t\t<a class=\"e-gallery-item elementor-gallery-item elementor-animated-content\" href=\"https:\/\/transvulcania.com\/wp-content\/uploads\/2025\/05\/Mathys-scaled.jpg\" data-elementor-open-lightbox=\"yes\" data-elementor-lightbox-slideshow=\"30fd399\" data-elementor-lightbox-title=\"Mathys\" data-e-action-hash=\"#elementor-action%3Aaction%3Dlightbox%26settings%3DeyJpZCI6MTQyMzgsInVybCI6Imh0dHBzOlwvXC90cmFuc3Z1bGNhbmlhLmNvbVwvd3AtY29udGVudFwvdXBsb2Fkc1wvMjAyNVwvMDVcL01hdGh5cy1zY2FsZWQuanBnIiwic2xpZGVzaG93IjoiMzBmZDM5OSJ9\">\n\t\t\t\t\t<div class=\"e-gallery-image elementor-gallery-item__image\" data-thumbnail=\"https:\/\/transvulcania.com\/wp-content\/uploads\/2025\/05\/Mathys-768x511.jpg\" data-width=\"768\" data-height=\"511\" aria-label=\"\" role=\"img\" ><\/div>\n\t\t\t\t\t\t\t\t\t\t\t<div class=\"elementor-gallery-item__overlay\"><\/div>\n\t\t\t\t\t\t\t\t\t\t\t\t\t\t<\/a>\n\t\t\t\t\t<\/div>\n\t\t\t\t\t<\/div>\n\t\t\t\t<\/div>\n\t\t\t\t\t<\/div>\n\t\t\t\t<\/div>\n\t\t\t\t<\/div>\n\t\t","protected":false},"excerpt":{"rendered":"<p>The Swiss runner breaks the record for the most explosive distance of the palm tree race. The fifteenth edition of the Transvulcania adidas TERREX celebrated the first of its competition days with the Vertical Climb in which around 160 runners participated, starting from the Puerto de Tazacorte and arriving at the Torre de El Time &#8230; <a title=\"Luca del Pero and Maude Mathys, winners of the Vertical Climb of the fifteenth edition of Transvulcania adidas TERREX\" class=\"read-more\" href=\"https:\/\/transvulcania.com\/en\/luca-del-pero-and-maude-mathys-winners-of-the-vertical-climb-of-the-fifteenth-edition-of-transvulcania-adidas-terrex\/\" aria-label=\"Read more about Luca del Pero and Maude Mathys, winners of the Vertical Climb of the fifteenth edition of Transvulcania adidas TERREX\">Read more<\/a><\/p>\n","protected":false},"author":1,"featured_media":14279,"comment_status":"closed","ping_status":"closed","sticky":false,"template":"","format":"standard","meta":{"footnotes":""},"categories":[24],"tags":[],"class_list":["post-14244","post","type-post","status-publish","format-standard","has-post-thumbnail","hentry","category-news"],"yoast_head":"<!-- This site is optimized with the Yoast SEO Premium plugin v21.2 (Yoast SEO v21.2) - https:\/\/yoast.com\/wordpress\/plugins\/seo\/ -->\n<title>Luca del Pero and Maude Mathys, winners of the Vertical Climb of the fifteenth edition of Transvulcania adidas TERREX - Transvulcania Terrex 2025 - Ultramarathon La Palma<\/title>\n<meta name=\"robots\" content=\"index, follow, max-snippet:-1, max-image-preview:large, max-video-preview:-1\" \/>\n<link rel=\"canonical\" href=\"https:\/\/transvulcania.com\/en\/luca-del-pero-and-maude-mathys-winners-of-the-vertical-climb-of-the-fifteenth-edition-of-transvulcania-adidas-terrex\/\" \/>\n<meta property=\"og:locale\" content=\"en_US\" \/>\n<meta property=\"og:type\" content=\"article\" \/>\n<meta property=\"og:title\" content=\"Luca del Pero and Maude Mathys, winners of the Vertical Climb of the fifteenth edition of Transvulcania adidas TERREX\" \/>\n<meta property=\"og:description\" content=\"The Swiss runner breaks the record for the most explosive distance of the palm tree race. The fifteenth edition of the Transvulcania adidas TERREX celebrated the first of its competition days with the Vertical Climb in which around 160 runners participated, starting from the Puerto de Tazacorte and arriving at the Torre de El Time ... Read more\" \/>\n<meta property=\"og:url\" content=\"https:\/\/transvulcania.com\/en\/luca-del-pero-and-maude-mathys-winners-of-the-vertical-climb-of-the-fifteenth-edition-of-transvulcania-adidas-terrex\/\" \/>\n<meta property=\"og:site_name\" content=\"Transvulcania Terrex 2025 - Ultramarathon La Palma\" \/>\n<meta property=\"article:published_time\" content=\"2025-05-08T19:27:10+00:00\" \/>\n<meta property=\"article:modified_time\" content=\"2025-05-09T08:26:59+00:00\" \/>\n<meta property=\"og:image\" content=\"https:\/\/transvulcania.com\/wp-content\/uploads\/2025\/05\/Ganadores_KMV.jpg\" \/>\n\t<meta property=\"og:image:width\" content=\"2100\" \/>\n\t<meta property=\"og:image:height\" content=\"700\" \/>\n\t<meta property=\"og:image:type\" content=\"image\/jpeg\" \/>\n<meta name=\"author\" content=\"ivcabeza\" \/>\n<meta name=\"twitter:card\" content=\"summary_large_image\" \/>\n<meta name=\"twitter:label1\" content=\"Written by\" \/>\n\t<meta name=\"twitter:data1\" content=\"ivcabeza\" \/>\n\t<meta name=\"twitter:label2\" content=\"Est. reading time\" \/>\n\t<meta name=\"twitter:data2\" content=\"2 minutes\" \/>\n<script type=\"application\/ld+json\" class=\"yoast-schema-graph\">{\"@context\":\"https:\/\/schema.org\",\"@graph\":[{\"@type\":\"Article\",\"@id\":\"https:\/\/transvulcania.com\/en\/luca-del-pero-and-maude-mathys-winners-of-the-vertical-climb-of-the-fifteenth-edition-of-transvulcania-adidas-terrex\/#article\",\"isPartOf\":{\"@id\":\"https:\/\/transvulcania.com\/en\/luca-del-pero-and-maude-mathys-winners-of-the-vertical-climb-of-the-fifteenth-edition-of-transvulcania-adidas-terrex\/\"},\"author\":{\"name\":\"ivcabeza\",\"@id\":\"https:\/\/transvulcania.com\/en\/#\/schema\/person\/4610a4f4a57d4d177b681e8b0f934107\"},\"headline\":\"Luca del Pero and Maude Mathys, winners of the Vertical Climb of the fifteenth edition of Transvulcania adidas TERREX\",\"datePublished\":\"2025-05-08T19:27:10+00:00\",\"dateModified\":\"2025-05-09T08:26:59+00:00\",\"mainEntityOfPage\":{\"@id\":\"https:\/\/transvulcania.com\/en\/luca-del-pero-and-maude-mathys-winners-of-the-vertical-climb-of-the-fifteenth-edition-of-transvulcania-adidas-terrex\/\"},\"wordCount\":421,\"publisher\":{\"@id\":\"https:\/\/transvulcania.com\/en\/#organization\"},\"articleSection\":[\"News\"],\"inLanguage\":\"en-US\"},{\"@type\":\"WebPage\",\"@id\":\"https:\/\/transvulcania.com\/en\/luca-del-pero-and-maude-mathys-winners-of-the-vertical-climb-of-the-fifteenth-edition-of-transvulcania-adidas-terrex\/\",\"url\":\"https:\/\/transvulcania.com\/en\/luca-del-pero-and-maude-mathys-winners-of-the-vertical-climb-of-the-fifteenth-edition-of-transvulcania-adidas-terrex\/\",\"name\":\"Luca del Pero and Maude Mathys, winners of the Vertical Climb of the fifteenth edition of Transvulcania adidas TERREX - Transvulcania Terrex 2025 - Ultramarathon La Palma\",\"isPartOf\":{\"@id\":\"https:\/\/transvulcania.com\/en\/#website\"},\"datePublished\":\"2025-05-08T19:27:10+00:00\",\"dateModified\":\"2025-05-09T08:26:59+00:00\",\"breadcrumb\":{\"@id\":\"https:\/\/transvulcania.com\/en\/luca-del-pero-and-maude-mathys-winners-of-the-vertical-climb-of-the-fifteenth-edition-of-transvulcania-adidas-terrex\/#breadcrumb\"},\"inLanguage\":\"en-US\",\"potentialAction\":[{\"@type\":\"ReadAction\",\"target\":[\"https:\/\/transvulcania.com\/en\/luca-del-pero-and-maude-mathys-winners-of-the-vertical-climb-of-the-fifteenth-edition-of-transvulcania-adidas-terrex\/\"]}]},{\"@type\":\"BreadcrumbList\",\"@id\":\"https:\/\/transvulcania.com\/en\/luca-del-pero-and-maude-mathys-winners-of-the-vertical-climb-of-the-fifteenth-edition-of-transvulcania-adidas-terrex\/#breadcrumb\",\"itemListElement\":[{\"@type\":\"ListItem\",\"position\":1,\"name\":\"Home\",\"item\":\"https:\/\/transvulcania.com\/en\/\"},{\"@type\":\"ListItem\",\"position\":2,\"name\":\"Luca del Pero and Maude Mathys, winners of the Vertical Climb of the fifteenth edition of Transvulcania adidas TERREX\"}]},{\"@type\":\"WebSite\",\"@id\":\"https:\/\/transvulcania.com\/en\/#website\",\"url\":\"https:\/\/transvulcania.com\/en\/\",\"name\":\"Transvulcania Terrex 2025 - Ultramarathon La Palma\",\"description\":\"Transvulcania 2025 - Es la XV Edici\u00f3n de la Ultramarat\u00f3n de monta\u00f1a de la Isla La Palma\",\"publisher\":{\"@id\":\"https:\/\/transvulcania.com\/en\/#organization\"},\"potentialAction\":[{\"@type\":\"SearchAction\",\"target\":{\"@type\":\"EntryPoint\",\"urlTemplate\":\"https:\/\/transvulcania.com\/en\/?s={search_term_string}\"},\"query-input\":\"required name=search_term_string\"}],\"inLanguage\":\"en-US\"},{\"@type\":\"Organization\",\"@id\":\"https:\/\/transvulcania.com\/en\/#organization\",\"name\":\"Transvulcania Terrex 2025 - Ultramarathon La Palma\",\"url\":\"https:\/\/transvulcania.com\/en\/\",\"logo\":{\"@type\":\"ImageObject\",\"inLanguage\":\"en-US\",\"@id\":\"https:\/\/transvulcania.com\/en\/#\/schema\/logo\/image\/\",\"url\":\"https:\/\/transvulcania.com\/wp-content\/uploads\/2024\/03\/Logo_Transvulcania_Terrex.png\",\"contentUrl\":\"https:\/\/transvulcania.com\/wp-content\/uploads\/2024\/03\/Logo_Transvulcania_Terrex.png\",\"width\":431,\"height\":552,\"caption\":\"Transvulcania Terrex 2025 - Ultramarathon La Palma\"},\"image\":{\"@id\":\"https:\/\/transvulcania.com\/en\/#\/schema\/logo\/image\/\"}},{\"@type\":\"Person\",\"@id\":\"https:\/\/transvulcania.com\/en\/#\/schema\/person\/4610a4f4a57d4d177b681e8b0f934107\",\"name\":\"ivcabeza\",\"sameAs\":[\"https:\/\/transvulcania.com.es\"],\"url\":\"https:\/\/transvulcania.com\/en\/author\/ivcabeza\/\"}]}<\/script>\n<!-- \/ Yoast SEO Premium plugin. -->","yoast_head_json":{"title":"Luca del Pero and Maude Mathys, winners of the Vertical Climb of the fifteenth edition of Transvulcania adidas TERREX - Transvulcania Terrex 2025 - Ultramarathon La Palma","robots":{"index":"index","follow":"follow","max-snippet":"max-snippet:-1","max-image-preview":"max-image-preview:large","max-video-preview":"max-video-preview:-1"},"canonical":"https:\/\/transvulcania.com\/en\/luca-del-pero-and-maude-mathys-winners-of-the-vertical-climb-of-the-fifteenth-edition-of-transvulcania-adidas-terrex\/","og_locale":"en_US","og_type":"article","og_title":"Luca del Pero and Maude Mathys, winners of the Vertical Climb of the fifteenth edition of Transvulcania adidas TERREX","og_description":"The Swiss runner breaks the record for the most explosive distance of the palm tree race. The fifteenth edition of the Transvulcania adidas TERREX celebrated the first of its competition days with the Vertical Climb in which around 160 runners participated, starting from the Puerto de Tazacorte and arriving at the Torre de El Time ... Read more","og_url":"https:\/\/transvulcania.com\/en\/luca-del-pero-and-maude-mathys-winners-of-the-vertical-climb-of-the-fifteenth-edition-of-transvulcania-adidas-terrex\/","og_site_name":"Transvulcania Terrex 2025 - Ultramarathon La Palma","article_published_time":"2025-05-08T19:27:10+00:00","article_modified_time":"2025-05-09T08:26:59+00:00","og_image":[{"width":2100,"height":700,"url":"https:\/\/transvulcania.com\/wp-content\/uploads\/2025\/05\/Ganadores_KMV.jpg","type":"image\/jpeg"}],"author":"ivcabeza","twitter_card":"summary_large_image","twitter_misc":{"Written by":"ivcabeza","Est. reading time":"2 minutes"},"schema":{"@context":"https:\/\/schema.org","@graph":[{"@type":"Article","@id":"https:\/\/transvulcania.com\/en\/luca-del-pero-and-maude-mathys-winners-of-the-vertical-climb-of-the-fifteenth-edition-of-transvulcania-adidas-terrex\/#article","isPartOf":{"@id":"https:\/\/transvulcania.com\/en\/luca-del-pero-and-maude-mathys-winners-of-the-vertical-climb-of-the-fifteenth-edition-of-transvulcania-adidas-terrex\/"},"author":{"name":"ivcabeza","@id":"https:\/\/transvulcania.com\/en\/#\/schema\/person\/4610a4f4a57d4d177b681e8b0f934107"},"headline":"Luca del Pero and Maude Mathys, winners of the Vertical Climb of the fifteenth edition of Transvulcania adidas TERREX","datePublished":"2025-05-08T19:27:10+00:00","dateModified":"2025-05-09T08:26:59+00:00","mainEntityOfPage":{"@id":"https:\/\/transvulcania.com\/en\/luca-del-pero-and-maude-mathys-winners-of-the-vertical-climb-of-the-fifteenth-edition-of-transvulcania-adidas-terrex\/"},"wordCount":421,"publisher":{"@id":"https:\/\/transvulcania.com\/en\/#organization"},"articleSection":["News"],"inLanguage":"en-US"},{"@type":"WebPage","@id":"https:\/\/transvulcania.com\/en\/luca-del-pero-and-maude-mathys-winners-of-the-vertical-climb-of-the-fifteenth-edition-of-transvulcania-adidas-terrex\/","url":"https:\/\/transvulcania.com\/en\/luca-del-pero-and-maude-mathys-winners-of-the-vertical-climb-of-the-fifteenth-edition-of-transvulcania-adidas-terrex\/","name":"Luca del Pero and Maude Mathys, winners of the Vertical Climb of the fifteenth edition of Transvulcania adidas TERREX - Transvulcania Terrex 2025 - Ultramarathon La Palma","isPartOf":{"@id":"https:\/\/transvulcania.com\/en\/#website"},"datePublished":"2025-05-08T19:27:10+00:00","dateModified":"2025-05-09T08:26:59+00:00","breadcrumb":{"@id":"https:\/\/transvulcania.com\/en\/luca-del-pero-and-maude-mathys-winners-of-the-vertical-climb-of-the-fifteenth-edition-of-transvulcania-adidas-terrex\/#breadcrumb"},"inLanguage":"en-US","potentialAction":[{"@type":"ReadAction","target":["https:\/\/transvulcania.com\/en\/luca-del-pero-and-maude-mathys-winners-of-the-vertical-climb-of-the-fifteenth-edition-of-transvulcania-adidas-terrex\/"]}]},{"@type":"BreadcrumbList","@id":"https:\/\/transvulcania.com\/en\/luca-del-pero-and-maude-mathys-winners-of-the-vertical-climb-of-the-fifteenth-edition-of-transvulcania-adidas-terrex\/#breadcrumb","itemListElement":[{"@type":"ListItem","position":1,"name":"Home","item":"https:\/\/transvulcania.com\/en\/"},{"@type":"ListItem","position":2,"name":"Luca del Pero and Maude Mathys, winners of the Vertical Climb of the fifteenth edition of Transvulcania adidas TERREX"}]},{"@type":"WebSite","@id":"https:\/\/transvulcania.com\/en\/#website","url":"https:\/\/transvulcania.com\/en\/","name":"Transvulcania Terrex 2025 - Ultramarathon La Palma","description":"Transvulcania 2025 - Es la XV Edici\u00f3n de la Ultramarat\u00f3n de monta\u00f1a de la Isla La Palma","publisher":{"@id":"https:\/\/transvulcania.com\/en\/#organization"},"potentialAction":[{"@type":"SearchAction","target":{"@type":"EntryPoint","urlTemplate":"https:\/\/transvulcania.com\/en\/?s={search_term_string}"},"query-input":"required name=search_term_string"}],"inLanguage":"en-US"},{"@type":"Organization","@id":"https:\/\/transvulcania.com\/en\/#organization","name":"Transvulcania Terrex 2025 - Ultramarathon La Palma","url":"https:\/\/transvulcania.com\/en\/","logo":{"@type":"ImageObject","inLanguage":"en-US","@id":"https:\/\/transvulcania.com\/en\/#\/schema\/logo\/image\/","url":"https:\/\/transvulcania.com\/wp-content\/uploads\/2024\/03\/Logo_Transvulcania_Terrex.png","contentUrl":"https:\/\/transvulcania.com\/wp-content\/uploads\/2024\/03\/Logo_Transvulcania_Terrex.png","width":431,"height":552,"caption":"Transvulcania Terrex 2025 - Ultramarathon La Palma"},"image":{"@id":"https:\/\/transvulcania.com\/en\/#\/schema\/logo\/image\/"}},{"@type":"Person","@id":"https:\/\/transvulcania.com\/en\/#\/schema\/person\/4610a4f4a57d4d177b681e8b0f934107","name":"ivcabeza","sameAs":["https:\/\/transvulcania.com.es"],"url":"https:\/\/transvulcania.com\/en\/author\/ivcabeza\/"}]}},"_links":{"self":[{"href":"https:\/\/transvulcania.com\/en\/wp-json\/wp\/v2\/posts\/14244","targetHints":{"allow":["GET"]}}],"collection":[{"href":"https:\/\/transvulcania.com\/en\/wp-json\/wp\/v2\/posts"}],"about":[{"href":"https:\/\/transvulcania.com\/en\/wp-json\/wp\/v2\/types\/post"}],"author":[{"embeddable":true,"href":"https:\/\/transvulcania.com\/en\/wp-json\/wp\/v2\/users\/1"}],"replies":[{"embeddable":true,"href":"https:\/\/transvulcania.com\/en\/wp-json\/wp\/v2\/comments?post=14244"}],"version-history":[{"count":0,"href":"https:\/\/transvulcania.com\/en\/wp-json\/wp\/v2\/posts\/14244\/revisions"}],"wp:featuredmedia":[{"embeddable":true,"href":"https:\/\/transvulcania.com\/en\/wp-json\/wp\/v2\/media\/14279"}],"wp:attachment":[{"href":"https:\/\/transvulcania.com\/en\/wp-json\/wp\/v2\/media?parent=14244"}],"wp:term":[{"taxonomy":"category","embeddable":true,"href":"https:\/\/transvulcania.com\/en\/wp-json\/wp\/v2\/categories?post=14244"},{"taxonomy":"post_tag","embeddable":true,"href":"https:\/\/transvulcania.com\/en\/wp-json\/wp\/v2\/tags?post=14244"}],"curies":[{"name":"wp","href":"https:\/\/api.w.org\/{rel}","templated":true}]}}