{"id":21213,"date":"2026-04-29T16:56:01","date_gmt":"2026-04-29T15:56:01","guid":{"rendered":"https:\/\/transvulcania.com\/wir-koordinieren-gemeinsam-mit-der-abteilung-fuer-einsatzunterstuetzung-die-unterbringung-der-sicherheitskraefte-fuer-den-transvulcania-adidas-2026\/"},"modified":"2026-04-29T17:21:09","modified_gmt":"2026-04-29T16:21:09","slug":"wir-koordinieren-gemeinsam-mit-der-abteilung-fuer-einsatzunterstuetzung-die-unterbringung-der-sicherheitskraefte-fuer-den-transvulcania-adidas-2026","status":"publish","type":"post","link":"https:\/\/transvulcania.com\/de\/wir-koordinieren-gemeinsam-mit-der-abteilung-fuer-einsatzunterstuetzung-die-unterbringung-der-sicherheitskraefte-fuer-den-transvulcania-adidas-2026\/","title":{"rendered":"Wir koordinieren gemeinsam mit der Abteilung f\u00fcr Einsatzunterst\u00fctzung die Unterbringung der Sicherheitskr\u00e4fte f\u00fcr den Transvulcania adidas 2026"},"content":{"rendered":"\t\t<div data-elementor-type=\"wp-post\" data-elementor-id=\"21213\" class=\"elementor elementor-21213 elementor-21205\" data-elementor-post-type=\"post\">\n\t\t\t\t<div class=\"elementor-element elementor-element-48a6cc7 e-flex e-con-boxed e-con e-parent\" data-id=\"48a6cc7\" data-element_type=\"container\" data-e-type=\"container\">\n\t\t\t\t\t<div class=\"e-con-inner\">\n\t\t\t\t<div class=\"elementor-element elementor-element-ca3656e elementor-widget elementor-widget-text-editor\" data-id=\"ca3656e\" data-element_type=\"widget\" data-e-type=\"widget\" data-widget_type=\"text-editor.default\">\n\t\t\t\t<div class=\"elementor-widget-container\">\n\t\t\t\t\t\t\t\t\t<div class=\"field field--name-field-noticias-entradilla field--type-text-long field--label-hidden field--item\">\n<div class=\"field field--name-field-noticias-entradilla field--type-text-long field--label-hidden field--item\">\n<div class=\"field field--name-field-noticias-entradilla field--type-text-long field--label-hidden field--item\">\n<div class=\"field field--name-field-noticias-entradilla field--type-text-long field--label-hidden field--item\">\n<div class=\"field field--name-field-noticias-entradilla field--type-text-long field--label-hidden field--item\">\n<div class=\"field field--name-field-noticias-entradilla field--type-text-long field--label-hidden field--item\">\n<div class=\"field field--name-field-noticias-entradilla field--type-text-long field--label-hidden field--item\">\n<h4>Miriam Perestelo, Beigeordnete f\u00fcr Wirtschaftsf\u00f6rderung der Inselregierung von La Palma und Gesch\u00e4ftsf\u00fchrerin von Sodepal, hebt die Zusammenarbeit mit der Kaserne El Fuerte hervor, in der vom 7. bis 10. Mai 70 freiwillige Einsatzkr\u00e4fte untergebracht werden, die Teil des Einsatzkontingents sein werden.<\/h4>\n<\/div>\n<div class=\"field field--name-body field--type-text-with-summary field--label-hidden field--item\">\n<p>Der Inselrat von La Palma organisiert in Zusammenarbeit mit der Einheit zur Unterst\u00fctzung von Eins\u00e4tzen (UAPRO) die Unterbringung von 70 Einsatzkr\u00e4ften, die am Sicherheitskonzept f\u00fcr den Transvulcania adidas 2026 mitwirken werden, der vom 7. bis 10. Mai auf der Insel stattfindet.<\/p>\n<p>Die Ministerin f\u00fcr Wirtschaftsf\u00f6rderung, Miriam Perestelo, betont die Unterst\u00fctzung durch die Kaserne El Fuerte, deren R\u00e4umlichkeiten die Unterbringung von Freiwilligen des Roten Kreuzes sowie von Mitgliedern der Zivilschutzgruppen aus Santa Cruz de Tenerife, Candelaria und Granadilla erm\u00f6glichen werden.<\/p>\n<p>Perestelo bedankte sich bei allen Mitgliedern dieser Gruppen und hob deren Engagement, Professionalit\u00e4t und Einsatzbereitschaft hervor \u2013 Faktoren, die entscheidend dazu beitragen, sowohl die Sicherheit als auch die organisatorische Exzellenz eines international renommierten Events wie der Transvulcania zu gew\u00e4hrleisten.<\/p>\n<p>Im Rahmen des Einsatzes werden zudem 24 Rettungs- und Einsatzfahrzeuge im Einsatz sein, die dazu beitragen werden, eine l\u00fcckenlose Absicherung entlang der gesamten Strecke und bei allen geplanten Aktivit\u00e4ten zu gew\u00e4hrleisten.<\/p>\n<p>Die Einheit zur Unterst\u00fctzung von Eins\u00e4tzen (UAPRO) mit Sitz in der Kaserne El Fuerte hat die \u00dcberlassung dieser Einrichtungen erm\u00f6glicht und damit die reibungslose Logistik f\u00fcr die von au\u00dferhalb der Insel angereisten Teams gew\u00e4hrleistet. Diese Unterst\u00fctzung ist unerl\u00e4sslich, um den reibungslosen Ablauf der Veranstaltung sowie den Schutz der Teilnehmer, der Organisatoren und des Publikums zu gew\u00e4hrleisten. <\/p>\n<\/div>\n<\/div>\n<\/div>\n<\/div>\n<\/div>\n<\/div>\n<\/div>\n\t\t\t\t\t\t\t\t<\/div>\n\t\t\t\t<\/div>\n\t\t\t\t\t<\/div>\n\t\t\t\t<\/div>\n\t\t\t\t<\/div>\n\t\t","protected":false},"excerpt":{"rendered":"<p>Miriam Perestelo, Beigeordnete f\u00fcr Wirtschaftsf\u00f6rderung der Inselregierung von La Palma und Gesch\u00e4ftsf\u00fchrerin von Sodepal, hebt die Zusammenarbeit mit der Kaserne El Fuerte hervor, in der vom 7. bis 10. Mai 70 freiwillige Einsatzkr\u00e4fte untergebracht werden, die Teil des Einsatzkontingents sein werden. Der Inselrat von La Palma organisiert in Zusammenarbeit mit der Einheit zur Unterst\u00fctzung von &#8230; <a title=\"Wir koordinieren gemeinsam mit der Abteilung f\u00fcr Einsatzunterst\u00fctzung die Unterbringung der Sicherheitskr\u00e4fte f\u00fcr den Transvulcania adidas 2026\" class=\"read-more\" href=\"https:\/\/transvulcania.com\/de\/wir-koordinieren-gemeinsam-mit-der-abteilung-fuer-einsatzunterstuetzung-die-unterbringung-der-sicherheitskraefte-fuer-den-transvulcania-adidas-2026\/\" aria-label=\"Mehr Informationen \u00fcber Wir koordinieren gemeinsam mit der Abteilung f\u00fcr Einsatzunterst\u00fctzung die Unterbringung der Sicherheitskr\u00e4fte f\u00fcr den Transvulcania adidas 2026\">Weiterlesen<\/a><\/p>\n","protected":false},"author":1,"featured_media":21209,"comment_status":"closed","ping_status":"closed","sticky":false,"template":"","format":"standard","meta":{"footnotes":""},"categories":[44],"tags":[],"class_list":["post-21213","post","type-post","status-publish","format-standard","has-post-thumbnail","hentry","category-nachrichten"],"yoast_head":"<!-- This site is optimized with the Yoast SEO Premium plugin v21.2 (Yoast SEO v21.2) - https:\/\/yoast.com\/wordpress\/plugins\/seo\/ -->\n<title>Wir koordinieren gemeinsam mit der Abteilung f\u00fcr Einsatzunterst\u00fctzung die Unterbringung der Sicherheitskr\u00e4fte f\u00fcr den Transvulcania adidas 2026 - Transvulcania Terrex 2026 - Ultramarathon La Palma<\/title>\n<meta name=\"robots\" content=\"index, follow, max-snippet:-1, max-image-preview:large, max-video-preview:-1\" \/>\n<link rel=\"canonical\" href=\"https:\/\/transvulcania.com\/de\/wir-koordinieren-gemeinsam-mit-der-abteilung-fuer-einsatzunterstuetzung-die-unterbringung-der-sicherheitskraefte-fuer-den-transvulcania-adidas-2026\/\" \/>\n<meta property=\"og:locale\" content=\"de_DE\" \/>\n<meta property=\"og:type\" content=\"article\" \/>\n<meta property=\"og:title\" content=\"Wir koordinieren gemeinsam mit der Abteilung f\u00fcr Einsatzunterst\u00fctzung die Unterbringung der Sicherheitskr\u00e4fte f\u00fcr den Transvulcania adidas 2026\" \/>\n<meta property=\"og:description\" content=\"Miriam Perestelo, Beigeordnete f\u00fcr Wirtschaftsf\u00f6rderung der Inselregierung von La Palma und Gesch\u00e4ftsf\u00fchrerin von Sodepal, hebt die Zusammenarbeit mit der Kaserne El Fuerte hervor, in der vom 7. bis 10. Mai 70 freiwillige Einsatzkr\u00e4fte untergebracht werden, die Teil des Einsatzkontingents sein werden. Der Inselrat von La Palma organisiert in Zusammenarbeit mit der Einheit zur Unterst\u00fctzung von ... Weiterlesen\" \/>\n<meta property=\"og:url\" content=\"https:\/\/transvulcania.com\/de\/wir-koordinieren-gemeinsam-mit-der-abteilung-fuer-einsatzunterstuetzung-die-unterbringung-der-sicherheitskraefte-fuer-den-transvulcania-adidas-2026\/\" \/>\n<meta property=\"og:site_name\" content=\"Transvulcania Terrex 2026 - Ultramarathon La Palma\" \/>\n<meta property=\"article:published_time\" content=\"2026-04-29T15:56:01+00:00\" \/>\n<meta property=\"article:modified_time\" content=\"2026-04-29T16:21:09+00:00\" \/>\n<meta property=\"og:image\" content=\"https:\/\/transvulcania.com\/wp-content\/uploads\/2026\/04\/TRV_Fuerte-scaled.jpeg\" \/>\n\t<meta property=\"og:image:width\" content=\"2560\" \/>\n\t<meta property=\"og:image:height\" content=\"1725\" \/>\n\t<meta property=\"og:image:type\" content=\"image\/jpeg\" \/>\n<meta name=\"author\" content=\"ivcabeza\" \/>\n<meta name=\"twitter:card\" content=\"summary_large_image\" \/>\n<meta name=\"twitter:label1\" content=\"Verfasst von\" \/>\n\t<meta name=\"twitter:data1\" content=\"ivcabeza\" \/>\n\t<meta name=\"twitter:label2\" content=\"Gesch\u00e4tzte Lesezeit\" \/>\n\t<meta name=\"twitter:data2\" content=\"1\u00a0Minute\" \/>\n<script type=\"application\/ld+json\" class=\"yoast-schema-graph\">{\"@context\":\"https:\/\/schema.org\",\"@graph\":[{\"@type\":\"Article\",\"@id\":\"https:\/\/transvulcania.com\/de\/wir-koordinieren-gemeinsam-mit-der-abteilung-fuer-einsatzunterstuetzung-die-unterbringung-der-sicherheitskraefte-fuer-den-transvulcania-adidas-2026\/#article\",\"isPartOf\":{\"@id\":\"https:\/\/transvulcania.com\/de\/wir-koordinieren-gemeinsam-mit-der-abteilung-fuer-einsatzunterstuetzung-die-unterbringung-der-sicherheitskraefte-fuer-den-transvulcania-adidas-2026\/\"},\"author\":{\"name\":\"ivcabeza\",\"@id\":\"https:\/\/transvulcania.com\/de\/#\/schema\/person\/4610a4f4a57d4d177b681e8b0f934107\"},\"headline\":\"Wir koordinieren gemeinsam mit der Abteilung f\u00fcr Einsatzunterst\u00fctzung die Unterbringung der Sicherheitskr\u00e4fte f\u00fcr den Transvulcania adidas 2026\",\"datePublished\":\"2026-04-29T15:56:01+00:00\",\"dateModified\":\"2026-04-29T16:21:09+00:00\",\"mainEntityOfPage\":{\"@id\":\"https:\/\/transvulcania.com\/de\/wir-koordinieren-gemeinsam-mit-der-abteilung-fuer-einsatzunterstuetzung-die-unterbringung-der-sicherheitskraefte-fuer-den-transvulcania-adidas-2026\/\"},\"wordCount\":285,\"publisher\":{\"@id\":\"https:\/\/transvulcania.com\/de\/#organization\"},\"articleSection\":[\"Nachrichten\"],\"inLanguage\":\"de\"},{\"@type\":\"WebPage\",\"@id\":\"https:\/\/transvulcania.com\/de\/wir-koordinieren-gemeinsam-mit-der-abteilung-fuer-einsatzunterstuetzung-die-unterbringung-der-sicherheitskraefte-fuer-den-transvulcania-adidas-2026\/\",\"url\":\"https:\/\/transvulcania.com\/de\/wir-koordinieren-gemeinsam-mit-der-abteilung-fuer-einsatzunterstuetzung-die-unterbringung-der-sicherheitskraefte-fuer-den-transvulcania-adidas-2026\/\",\"name\":\"Wir koordinieren gemeinsam mit der Abteilung f\u00fcr Einsatzunterst\u00fctzung die Unterbringung der Sicherheitskr\u00e4fte f\u00fcr den Transvulcania adidas 2026 - Transvulcania Terrex 2026 - Ultramarathon La Palma\",\"isPartOf\":{\"@id\":\"https:\/\/transvulcania.com\/de\/#website\"},\"datePublished\":\"2026-04-29T15:56:01+00:00\",\"dateModified\":\"2026-04-29T16:21:09+00:00\",\"breadcrumb\":{\"@id\":\"https:\/\/transvulcania.com\/de\/wir-koordinieren-gemeinsam-mit-der-abteilung-fuer-einsatzunterstuetzung-die-unterbringung-der-sicherheitskraefte-fuer-den-transvulcania-adidas-2026\/#breadcrumb\"},\"inLanguage\":\"de\",\"potentialAction\":[{\"@type\":\"ReadAction\",\"target\":[\"https:\/\/transvulcania.com\/de\/wir-koordinieren-gemeinsam-mit-der-abteilung-fuer-einsatzunterstuetzung-die-unterbringung-der-sicherheitskraefte-fuer-den-transvulcania-adidas-2026\/\"]}]},{\"@type\":\"BreadcrumbList\",\"@id\":\"https:\/\/transvulcania.com\/de\/wir-koordinieren-gemeinsam-mit-der-abteilung-fuer-einsatzunterstuetzung-die-unterbringung-der-sicherheitskraefte-fuer-den-transvulcania-adidas-2026\/#breadcrumb\",\"itemListElement\":[{\"@type\":\"ListItem\",\"position\":1,\"name\":\"Home\",\"item\":\"https:\/\/transvulcania.com\/de\/\"},{\"@type\":\"ListItem\",\"position\":2,\"name\":\"Wir koordinieren gemeinsam mit der Abteilung f\u00fcr Einsatzunterst\u00fctzung die Unterbringung der Sicherheitskr\u00e4fte f\u00fcr den Transvulcania adidas 2026\"}]},{\"@type\":\"WebSite\",\"@id\":\"https:\/\/transvulcania.com\/de\/#website\",\"url\":\"https:\/\/transvulcania.com\/de\/\",\"name\":\"Transvulcania Terrex 2026 - Ultramarathon La Palma\",\"description\":\"Transvulcania Terrex 2026 - XVI Edici\u00f3n de la Ultramarat\u00f3n de monta\u00f1a de la Isla La Palma\",\"publisher\":{\"@id\":\"https:\/\/transvulcania.com\/de\/#organization\"},\"potentialAction\":[{\"@type\":\"SearchAction\",\"target\":{\"@type\":\"EntryPoint\",\"urlTemplate\":\"https:\/\/transvulcania.com\/de\/?s={search_term_string}\"},\"query-input\":\"required name=search_term_string\"}],\"inLanguage\":\"de\"},{\"@type\":\"Organization\",\"@id\":\"https:\/\/transvulcania.com\/de\/#organization\",\"name\":\"Transvulcania Terrex 2026 - Ultramarathon La Palma\",\"url\":\"https:\/\/transvulcania.com\/de\/\",\"logo\":{\"@type\":\"ImageObject\",\"inLanguage\":\"de\",\"@id\":\"https:\/\/transvulcania.com\/de\/#\/schema\/logo\/image\/\",\"url\":\"https:\/\/transvulcania.com\/wp-content\/uploads\/2024\/03\/Logo_Transvulcania_Terrex.png\",\"contentUrl\":\"https:\/\/transvulcania.com\/wp-content\/uploads\/2024\/03\/Logo_Transvulcania_Terrex.png\",\"width\":431,\"height\":552,\"caption\":\"Transvulcania Terrex 2026 - Ultramarathon La Palma\"},\"image\":{\"@id\":\"https:\/\/transvulcania.com\/de\/#\/schema\/logo\/image\/\"}},{\"@type\":\"Person\",\"@id\":\"https:\/\/transvulcania.com\/de\/#\/schema\/person\/4610a4f4a57d4d177b681e8b0f934107\",\"name\":\"ivcabeza\",\"sameAs\":[\"https:\/\/transvulcania.com.es\"],\"url\":\"https:\/\/transvulcania.com\/de\/author\/ivcabeza\/\"}]}<\/script>\n<!-- \/ Yoast SEO Premium plugin. -->","yoast_head_json":{"title":"Wir koordinieren gemeinsam mit der Abteilung f\u00fcr Einsatzunterst\u00fctzung die Unterbringung der Sicherheitskr\u00e4fte f\u00fcr den Transvulcania adidas 2026 - Transvulcania Terrex 2026 - Ultramarathon La Palma","robots":{"index":"index","follow":"follow","max-snippet":"max-snippet:-1","max-image-preview":"max-image-preview:large","max-video-preview":"max-video-preview:-1"},"canonical":"https:\/\/transvulcania.com\/de\/wir-koordinieren-gemeinsam-mit-der-abteilung-fuer-einsatzunterstuetzung-die-unterbringung-der-sicherheitskraefte-fuer-den-transvulcania-adidas-2026\/","og_locale":"de_DE","og_type":"article","og_title":"Wir koordinieren gemeinsam mit der Abteilung f\u00fcr Einsatzunterst\u00fctzung die Unterbringung der Sicherheitskr\u00e4fte f\u00fcr den Transvulcania adidas 2026","og_description":"Miriam Perestelo, Beigeordnete f\u00fcr Wirtschaftsf\u00f6rderung der Inselregierung von La Palma und Gesch\u00e4ftsf\u00fchrerin von Sodepal, hebt die Zusammenarbeit mit der Kaserne El Fuerte hervor, in der vom 7. bis 10. Mai 70 freiwillige Einsatzkr\u00e4fte untergebracht werden, die Teil des Einsatzkontingents sein werden. Der Inselrat von La Palma organisiert in Zusammenarbeit mit der Einheit zur Unterst\u00fctzung von ... Weiterlesen","og_url":"https:\/\/transvulcania.com\/de\/wir-koordinieren-gemeinsam-mit-der-abteilung-fuer-einsatzunterstuetzung-die-unterbringung-der-sicherheitskraefte-fuer-den-transvulcania-adidas-2026\/","og_site_name":"Transvulcania Terrex 2026 - Ultramarathon La Palma","article_published_time":"2026-04-29T15:56:01+00:00","article_modified_time":"2026-04-29T16:21:09+00:00","og_image":[{"width":2560,"height":1725,"url":"https:\/\/transvulcania.com\/wp-content\/uploads\/2026\/04\/TRV_Fuerte-scaled.jpeg","type":"image\/jpeg"}],"author":"ivcabeza","twitter_card":"summary_large_image","twitter_misc":{"Verfasst von":"ivcabeza","Gesch\u00e4tzte Lesezeit":"1\u00a0Minute"},"schema":{"@context":"https:\/\/schema.org","@graph":[{"@type":"Article","@id":"https:\/\/transvulcania.com\/de\/wir-koordinieren-gemeinsam-mit-der-abteilung-fuer-einsatzunterstuetzung-die-unterbringung-der-sicherheitskraefte-fuer-den-transvulcania-adidas-2026\/#article","isPartOf":{"@id":"https:\/\/transvulcania.com\/de\/wir-koordinieren-gemeinsam-mit-der-abteilung-fuer-einsatzunterstuetzung-die-unterbringung-der-sicherheitskraefte-fuer-den-transvulcania-adidas-2026\/"},"author":{"name":"ivcabeza","@id":"https:\/\/transvulcania.com\/de\/#\/schema\/person\/4610a4f4a57d4d177b681e8b0f934107"},"headline":"Wir koordinieren gemeinsam mit der Abteilung f\u00fcr Einsatzunterst\u00fctzung die Unterbringung der Sicherheitskr\u00e4fte f\u00fcr den Transvulcania adidas 2026","datePublished":"2026-04-29T15:56:01+00:00","dateModified":"2026-04-29T16:21:09+00:00","mainEntityOfPage":{"@id":"https:\/\/transvulcania.com\/de\/wir-koordinieren-gemeinsam-mit-der-abteilung-fuer-einsatzunterstuetzung-die-unterbringung-der-sicherheitskraefte-fuer-den-transvulcania-adidas-2026\/"},"wordCount":285,"publisher":{"@id":"https:\/\/transvulcania.com\/de\/#organization"},"articleSection":["Nachrichten"],"inLanguage":"de"},{"@type":"WebPage","@id":"https:\/\/transvulcania.com\/de\/wir-koordinieren-gemeinsam-mit-der-abteilung-fuer-einsatzunterstuetzung-die-unterbringung-der-sicherheitskraefte-fuer-den-transvulcania-adidas-2026\/","url":"https:\/\/transvulcania.com\/de\/wir-koordinieren-gemeinsam-mit-der-abteilung-fuer-einsatzunterstuetzung-die-unterbringung-der-sicherheitskraefte-fuer-den-transvulcania-adidas-2026\/","name":"Wir koordinieren gemeinsam mit der Abteilung f\u00fcr Einsatzunterst\u00fctzung die Unterbringung der Sicherheitskr\u00e4fte f\u00fcr den Transvulcania adidas 2026 - Transvulcania Terrex 2026 - Ultramarathon La Palma","isPartOf":{"@id":"https:\/\/transvulcania.com\/de\/#website"},"datePublished":"2026-04-29T15:56:01+00:00","dateModified":"2026-04-29T16:21:09+00:00","breadcrumb":{"@id":"https:\/\/transvulcania.com\/de\/wir-koordinieren-gemeinsam-mit-der-abteilung-fuer-einsatzunterstuetzung-die-unterbringung-der-sicherheitskraefte-fuer-den-transvulcania-adidas-2026\/#breadcrumb"},"inLanguage":"de","potentialAction":[{"@type":"ReadAction","target":["https:\/\/transvulcania.com\/de\/wir-koordinieren-gemeinsam-mit-der-abteilung-fuer-einsatzunterstuetzung-die-unterbringung-der-sicherheitskraefte-fuer-den-transvulcania-adidas-2026\/"]}]},{"@type":"BreadcrumbList","@id":"https:\/\/transvulcania.com\/de\/wir-koordinieren-gemeinsam-mit-der-abteilung-fuer-einsatzunterstuetzung-die-unterbringung-der-sicherheitskraefte-fuer-den-transvulcania-adidas-2026\/#breadcrumb","itemListElement":[{"@type":"ListItem","position":1,"name":"Home","item":"https:\/\/transvulcania.com\/de\/"},{"@type":"ListItem","position":2,"name":"Wir koordinieren gemeinsam mit der Abteilung f\u00fcr Einsatzunterst\u00fctzung die Unterbringung der Sicherheitskr\u00e4fte f\u00fcr den Transvulcania adidas 2026"}]},{"@type":"WebSite","@id":"https:\/\/transvulcania.com\/de\/#website","url":"https:\/\/transvulcania.com\/de\/","name":"Transvulcania Terrex 2026 - Ultramarathon La Palma","description":"Transvulcania Terrex 2026 - XVI Edici\u00f3n de la Ultramarat\u00f3n de monta\u00f1a de la Isla La Palma","publisher":{"@id":"https:\/\/transvulcania.com\/de\/#organization"},"potentialAction":[{"@type":"SearchAction","target":{"@type":"EntryPoint","urlTemplate":"https:\/\/transvulcania.com\/de\/?s={search_term_string}"},"query-input":"required name=search_term_string"}],"inLanguage":"de"},{"@type":"Organization","@id":"https:\/\/transvulcania.com\/de\/#organization","name":"Transvulcania Terrex 2026 - Ultramarathon La Palma","url":"https:\/\/transvulcania.com\/de\/","logo":{"@type":"ImageObject","inLanguage":"de","@id":"https:\/\/transvulcania.com\/de\/#\/schema\/logo\/image\/","url":"https:\/\/transvulcania.com\/wp-content\/uploads\/2024\/03\/Logo_Transvulcania_Terrex.png","contentUrl":"https:\/\/transvulcania.com\/wp-content\/uploads\/2024\/03\/Logo_Transvulcania_Terrex.png","width":431,"height":552,"caption":"Transvulcania Terrex 2026 - Ultramarathon La Palma"},"image":{"@id":"https:\/\/transvulcania.com\/de\/#\/schema\/logo\/image\/"}},{"@type":"Person","@id":"https:\/\/transvulcania.com\/de\/#\/schema\/person\/4610a4f4a57d4d177b681e8b0f934107","name":"ivcabeza","sameAs":["https:\/\/transvulcania.com.es"],"url":"https:\/\/transvulcania.com\/de\/author\/ivcabeza\/"}]}},"_links":{"self":[{"href":"https:\/\/transvulcania.com\/de\/wp-json\/wp\/v2\/posts\/21213","targetHints":{"allow":["GET"]}}],"collection":[{"href":"https:\/\/transvulcania.com\/de\/wp-json\/wp\/v2\/posts"}],"about":[{"href":"https:\/\/transvulcania.com\/de\/wp-json\/wp\/v2\/types\/post"}],"author":[{"embeddable":true,"href":"https:\/\/transvulcania.com\/de\/wp-json\/wp\/v2\/users\/1"}],"replies":[{"embeddable":true,"href":"https:\/\/transvulcania.com\/de\/wp-json\/wp\/v2\/comments?post=21213"}],"version-history":[{"count":1,"href":"https:\/\/transvulcania.com\/de\/wp-json\/wp\/v2\/posts\/21213\/revisions"}],"predecessor-version":[{"id":21214,"href":"https:\/\/transvulcania.com\/de\/wp-json\/wp\/v2\/posts\/21213\/revisions\/21214"}],"wp:featuredmedia":[{"embeddable":true,"href":"https:\/\/transvulcania.com\/de\/wp-json\/wp\/v2\/media\/21209"}],"wp:attachment":[{"href":"https:\/\/transvulcania.com\/de\/wp-json\/wp\/v2\/media?parent=21213"}],"wp:term":[{"taxonomy":"category","embeddable":true,"href":"https:\/\/transvulcania.com\/de\/wp-json\/wp\/v2\/categories?post=21213"},{"taxonomy":"post_tag","embeddable":true,"href":"https:\/\/transvulcania.com\/de\/wp-json\/wp\/v2\/tags?post=21213"}],"curies":[{"name":"wp","href":"https:\/\/api.w.org\/{rel}","templated":true}]}}