{"id":21141,"date":"2026-04-23T16:57:24","date_gmt":"2026-04-23T15:57:24","guid":{"rendered":"https:\/\/transvulcania.com\/blandine-lhirondel-und-andreas-reiterer-ein-vorgeschmack-auf-die-weltmeisterschaft-beim-adidas-transvulcania-ultramarathon-2026\/"},"modified":"2026-04-23T17:20:55","modified_gmt":"2026-04-23T16:20:55","slug":"blandine-lhirondel-und-andreas-reiterer-ein-vorgeschmack-auf-die-weltmeisterschaft-beim-adidas-transvulcania-ultramarathon-2026","status":"publish","type":"post","link":"https:\/\/transvulcania.com\/de\/blandine-lhirondel-und-andreas-reiterer-ein-vorgeschmack-auf-die-weltmeisterschaft-beim-adidas-transvulcania-ultramarathon-2026\/","title":{"rendered":"Blandine L&#8217;Hirondel und Andreas Reiterer: Ein Vorgeschmack auf die Weltmeisterschaft beim adidas Transvulcania-Ultramarathon 2026"},"content":{"rendered":"\t\t<div data-elementor-type=\"wp-post\" data-elementor-id=\"21141\" class=\"elementor elementor-21141 elementor-21125\" data-elementor-post-type=\"post\">\n\t\t\t\t<div class=\"elementor-element elementor-element-48a6cc7 e-flex e-con-boxed e-con e-parent\" data-id=\"48a6cc7\" data-element_type=\"container\" data-e-type=\"container\">\n\t\t\t\t\t<div class=\"e-con-inner\">\n\t\t\t\t<div class=\"elementor-element elementor-element-ca3656e elementor-widget elementor-widget-text-editor\" data-id=\"ca3656e\" data-element_type=\"widget\" data-e-type=\"widget\" data-widget_type=\"text-editor.default\">\n\t\t\t\t<div class=\"elementor-widget-container\">\n\t\t\t\t\t\t\t\t\t<div class=\"field field--name-field-noticias-entradilla field--type-text-long field--label-hidden field--item\">\n<div class=\"field field--name-field-noticias-entradilla field--type-text-long field--label-hidden field--item\">\n<div class=\"field field--name-field-noticias-entradilla field--type-text-long field--label-hidden field--item\">\n<div class=\"field field--name-field-noticias-entradilla field--type-text-long field--label-hidden field--item\">\n<div class=\"field field--name-field-noticias-entradilla field--type-text-long field--label-hidden field--item\">\n<div class=\"field field--name-field-noticias-entradilla field--type-text-long field--label-hidden field--item\">\n<h4>Die zweifache Trail-Weltmeisterin und der zweifache Vize-Weltmeister im Trail Long erg\u00e4nzen das hochkar\u00e4tige Teilnehmerfeld beim wichtigsten Rennen der Isla Bonita.<\/h4>\n<\/div>\n<div class=\"field field--name-body field--type-text-with-summary field--label-hidden field--item\">\n<p>Die Organisatoren des Transvulcania adidas 2026 vervollst\u00e4ndigen das hochkar\u00e4tige Teilnehmerfeld mit der Best\u00e4tigung von zwei der gefragtesten Namen der internationalen Trailrunning-Szene: der Franz\u00f6sin Blandine L&#8217;Hirondel und dem Italiener Andreas Reiterer. Beide Athleten erg\u00e4nzen das Teilnehmerfeld des Ultramarathons, dem 73 Kilometer langen Hauptrennen, das am kommenden 9. Mai zwischen dem Leuchtturm von Fuencaliente und Los Llanos de Aridane ausgetragen wird. <\/p>\n<p>Blandine L&#8217;Hirondel (UTMB-Index: 791), zweifache Trail-Weltmeisterin (2019 und 2022) und Europameisterin von 2022 \u2013 genau genommen auf La Palma (Revent\u00f3n El Paso) \u2013 ist in Bestform. Am 16. Oktober erzielte sie einen der gr\u00f6\u00dften Meilensteine ihrer Karriere, als sie sich als Siegerin der \u201eLa Diagonale des Fous\u201c (Le Grand Raid De La R\u00e9union) durchsetzen konnte, dem legend\u00e4ren Ultra-Lauf \u00fcber 175 Kilometer und mehr als 10.000 H\u00f6henmeter, mit einer Zeit von 27:26:09, die ihr zudem den achten Platz in der Gesamtwertung einbrachte. <\/p>\n<p>Kurz zuvor, am 29. August, verpasste er bei dem anspruchsvollen CCC des HOKA UTMB Mont-Blanc nur knapp das Podium und belegte auf den 101 Kilometern zwischen Courmayeur und Chamonix einen verdienten vierten Platz.<\/p>\n<p>Bereits 2026 ist L&#8217;Hirondel mit einem \u00fcberzeugenden Sieg in die Saison gestartet: Am 22. M\u00e4rz gewann er den Salomon EcoTrail Paris \u2013 Trail 35 km, ein Ergebnis, das seine hervorragende Form im Hinblick auf das Rennen auf La Palma best\u00e4tigt.<\/p>\n<p>Bei den M\u00e4nnern verst\u00e4rkt Andreas Reiterer, Mitglied von La Sportiva, das Team von Transvulcania adidas. Mit einem UTMB-Index von 907 Punkten geh\u00f6rt er zur absoluten Elite des weltweiten Trailrunnings, was durch eine beeindruckende Erfolgsbilanz untermauert wird, zu der auch die Silbermedaillen bei den Trail-Weltmeisterschaften \u00fcber die Langstrecke in den Jahren 2022 und 2023 geh\u00f6ren. <\/p>\n<p>Reiterer kommt nach einer der herausragendsten Leistungen seiner Karriere nach La Palma. Am 21. M\u00e4rz belegte er beim Chianti Ultra Trail by UTMB (120 km) mit einer Zeit von 10:06:16 einen gl\u00e4nzenden zweiten Platz; nur der Franzose Thomas Cardin war schneller, w\u00e4hrend er den Sieger des UTMB 2024, Vincent Bouillard, hinter sich lie\u00df. <\/p>\n<p>Reiterer nimmt an der Transvulcania teil, voller Vorfreude darauf, zum ersten Mal auf den Vulkangebirgspfaden von La Palma zu laufen und sich auf einer Strecke zu beweisen, die in der Karriere eines jeden Trailrunners einen Wendepunkt darstellt.<\/p>\n<h4>Ein hochkar\u00e4tiges internationales Programm<\/h4>\n<p>Mit L&#8217;Hirondel und Reiterer erweitert sich das hochkar\u00e4tige Teilnehmerfeld des adidas Transvulcania-Ultramarathons 2026. Reiterer trifft auf Schwergewichte wie den Schweden Petter Engdahl (Sieger der Ausgabe 2022) oder Dmitri Mitiaev, den Zweitplatzierten der Ausgaben 2018, 2019 und 2024. <\/p>\n<p>Bei den Frauen steht die mit Spannung erwartete R\u00fcckkehr der schwedischen Legende Emelie Forsberg \u2013 Siegerin der Jahre 2013 und 2015, die nach zehn Jahren auf die Isla Bonita zur\u00fcckkehrt \u2013 sowie von Ekaterina Mitiaeva, Vizemeisterin des Ultramarathons von 2025, auf dem Programm.<\/p>\n<p>Die adidas Transvulcania wird vom Inselrat von La Palma Inselrat von La Palma \u00fcber das \u00f6ffentliche Unternehmen SODEPAL, mit Unterst\u00fctzung der Regierung der Kanarischen Inseln durch das Ministerium f\u00fcr Tourismus und Promotur mit dessen Marke \u201eIslas Canarias Latitud de Vida\u201c sowie der Unternehmen adidas, Hotel H10 Taburiente Playa, Hotel La Palma Princess, Hotel Meli\u00e1 La Palma, Fred. Olsen Express, Cicar, Spar La Palma, Coca-Cola, Libbys, Isola und Nutrinovex.  <\/p>\n<\/div>\n<\/div>\n<\/div>\n<\/div>\n<\/div>\n<\/div>\n\t\t\t\t\t\t\t\t<\/div>\n\t\t\t\t<\/div>\n\t\t\t\t\t<\/div>\n\t\t\t\t<\/div>\n\t\t\t\t<\/div>\n\t\t","protected":false},"excerpt":{"rendered":"<p>Die zweifache Trail-Weltmeisterin und der zweifache Vize-Weltmeister im Trail Long erg\u00e4nzen das hochkar\u00e4tige Teilnehmerfeld beim wichtigsten Rennen der Isla Bonita. Die Organisatoren des Transvulcania adidas 2026 vervollst\u00e4ndigen das hochkar\u00e4tige Teilnehmerfeld mit der Best\u00e4tigung von zwei der gefragtesten Namen der internationalen Trailrunning-Szene: der Franz\u00f6sin Blandine L&#8217;Hirondel und dem Italiener Andreas Reiterer. Beide Athleten erg\u00e4nzen das Teilnehmerfeld &#8230; <a title=\"Blandine L&#8217;Hirondel und Andreas Reiterer: Ein Vorgeschmack auf die Weltmeisterschaft beim adidas Transvulcania-Ultramarathon 2026\" class=\"read-more\" href=\"https:\/\/transvulcania.com\/de\/blandine-lhirondel-und-andreas-reiterer-ein-vorgeschmack-auf-die-weltmeisterschaft-beim-adidas-transvulcania-ultramarathon-2026\/\" aria-label=\"Mehr Informationen \u00fcber Blandine L&#8217;Hirondel und Andreas Reiterer: Ein Vorgeschmack auf die Weltmeisterschaft beim adidas Transvulcania-Ultramarathon 2026\">Weiterlesen<\/a><\/p>\n","protected":false},"author":1,"featured_media":21132,"comment_status":"closed","ping_status":"closed","sticky":false,"template":"","format":"standard","meta":{"footnotes":""},"categories":[44],"tags":[],"class_list":["post-21141","post","type-post","status-publish","format-standard","has-post-thumbnail","hentry","category-nachrichten"],"yoast_head":"<!-- This site is optimized with the Yoast SEO Premium plugin v21.2 (Yoast SEO v21.2) - https:\/\/yoast.com\/wordpress\/plugins\/seo\/ -->\n<title>Blandine L&#039;Hirondel und Andreas Reiterer: Ein Vorgeschmack auf die Weltmeisterschaft beim adidas Transvulcania-Ultramarathon 2026 - Transvulcania Terrex 2026 - Ultramarathon La Palma<\/title>\n<meta name=\"robots\" content=\"index, follow, max-snippet:-1, max-image-preview:large, max-video-preview:-1\" \/>\n<link rel=\"canonical\" href=\"https:\/\/transvulcania.com\/de\/blandine-lhirondel-und-andreas-reiterer-ein-vorgeschmack-auf-die-weltmeisterschaft-beim-adidas-transvulcania-ultramarathon-2026\/\" \/>\n<meta property=\"og:locale\" content=\"de_DE\" \/>\n<meta property=\"og:type\" content=\"article\" \/>\n<meta property=\"og:title\" content=\"Blandine L&#039;Hirondel und Andreas Reiterer: Ein Vorgeschmack auf die Weltmeisterschaft beim adidas Transvulcania-Ultramarathon 2026\" \/>\n<meta property=\"og:description\" content=\"Die zweifache Trail-Weltmeisterin und der zweifache Vize-Weltmeister im Trail Long erg\u00e4nzen das hochkar\u00e4tige Teilnehmerfeld beim wichtigsten Rennen der Isla Bonita. Die Organisatoren des Transvulcania adidas 2026 vervollst\u00e4ndigen das hochkar\u00e4tige Teilnehmerfeld mit der Best\u00e4tigung von zwei der gefragtesten Namen der internationalen Trailrunning-Szene: der Franz\u00f6sin Blandine L&#8217;Hirondel und dem Italiener Andreas Reiterer. Beide Athleten erg\u00e4nzen das Teilnehmerfeld ... Weiterlesen\" \/>\n<meta property=\"og:url\" content=\"https:\/\/transvulcania.com\/de\/blandine-lhirondel-und-andreas-reiterer-ein-vorgeschmack-auf-die-weltmeisterschaft-beim-adidas-transvulcania-ultramarathon-2026\/\" \/>\n<meta property=\"og:site_name\" content=\"Transvulcania Terrex 2026 - Ultramarathon La Palma\" \/>\n<meta property=\"article:published_time\" content=\"2026-04-23T15:57:24+00:00\" \/>\n<meta property=\"article:modified_time\" content=\"2026-04-23T16:20:55+00:00\" \/>\n<meta property=\"og:image\" content=\"https:\/\/transvulcania.com\/wp-content\/uploads\/2026\/04\/TRV26_VanMarty-scaled.jpg\" \/>\n\t<meta property=\"og:image:width\" content=\"2560\" \/>\n\t<meta property=\"og:image:height\" content=\"1707\" \/>\n\t<meta property=\"og:image:type\" content=\"image\/jpeg\" \/>\n<meta name=\"author\" content=\"ivcabeza\" \/>\n<meta name=\"twitter:card\" content=\"summary_large_image\" \/>\n<meta name=\"twitter:label1\" content=\"Verfasst von\" \/>\n\t<meta name=\"twitter:data1\" content=\"ivcabeza\" \/>\n\t<meta name=\"twitter:label2\" content=\"Gesch\u00e4tzte Lesezeit\" \/>\n\t<meta name=\"twitter:data2\" content=\"3\u00a0Minuten\" \/>\n<script type=\"application\/ld+json\" class=\"yoast-schema-graph\">{\"@context\":\"https:\/\/schema.org\",\"@graph\":[{\"@type\":\"Article\",\"@id\":\"https:\/\/transvulcania.com\/de\/blandine-lhirondel-und-andreas-reiterer-ein-vorgeschmack-auf-die-weltmeisterschaft-beim-adidas-transvulcania-ultramarathon-2026\/#article\",\"isPartOf\":{\"@id\":\"https:\/\/transvulcania.com\/de\/blandine-lhirondel-und-andreas-reiterer-ein-vorgeschmack-auf-die-weltmeisterschaft-beim-adidas-transvulcania-ultramarathon-2026\/\"},\"author\":{\"name\":\"ivcabeza\",\"@id\":\"https:\/\/transvulcania.com\/de\/#\/schema\/person\/4610a4f4a57d4d177b681e8b0f934107\"},\"headline\":\"Blandine L&#8217;Hirondel und Andreas Reiterer: Ein Vorgeschmack auf die Weltmeisterschaft beim adidas Transvulcania-Ultramarathon 2026\",\"datePublished\":\"2026-04-23T15:57:24+00:00\",\"dateModified\":\"2026-04-23T16:20:55+00:00\",\"mainEntityOfPage\":{\"@id\":\"https:\/\/transvulcania.com\/de\/blandine-lhirondel-und-andreas-reiterer-ein-vorgeschmack-auf-die-weltmeisterschaft-beim-adidas-transvulcania-ultramarathon-2026\/\"},\"wordCount\":538,\"publisher\":{\"@id\":\"https:\/\/transvulcania.com\/de\/#organization\"},\"articleSection\":[\"Nachrichten\"],\"inLanguage\":\"de\"},{\"@type\":\"WebPage\",\"@id\":\"https:\/\/transvulcania.com\/de\/blandine-lhirondel-und-andreas-reiterer-ein-vorgeschmack-auf-die-weltmeisterschaft-beim-adidas-transvulcania-ultramarathon-2026\/\",\"url\":\"https:\/\/transvulcania.com\/de\/blandine-lhirondel-und-andreas-reiterer-ein-vorgeschmack-auf-die-weltmeisterschaft-beim-adidas-transvulcania-ultramarathon-2026\/\",\"name\":\"Blandine L'Hirondel und Andreas Reiterer: Ein Vorgeschmack auf die Weltmeisterschaft beim adidas Transvulcania-Ultramarathon 2026 - Transvulcania Terrex 2026 - Ultramarathon La Palma\",\"isPartOf\":{\"@id\":\"https:\/\/transvulcania.com\/de\/#website\"},\"datePublished\":\"2026-04-23T15:57:24+00:00\",\"dateModified\":\"2026-04-23T16:20:55+00:00\",\"breadcrumb\":{\"@id\":\"https:\/\/transvulcania.com\/de\/blandine-lhirondel-und-andreas-reiterer-ein-vorgeschmack-auf-die-weltmeisterschaft-beim-adidas-transvulcania-ultramarathon-2026\/#breadcrumb\"},\"inLanguage\":\"de\",\"potentialAction\":[{\"@type\":\"ReadAction\",\"target\":[\"https:\/\/transvulcania.com\/de\/blandine-lhirondel-und-andreas-reiterer-ein-vorgeschmack-auf-die-weltmeisterschaft-beim-adidas-transvulcania-ultramarathon-2026\/\"]}]},{\"@type\":\"BreadcrumbList\",\"@id\":\"https:\/\/transvulcania.com\/de\/blandine-lhirondel-und-andreas-reiterer-ein-vorgeschmack-auf-die-weltmeisterschaft-beim-adidas-transvulcania-ultramarathon-2026\/#breadcrumb\",\"itemListElement\":[{\"@type\":\"ListItem\",\"position\":1,\"name\":\"Home\",\"item\":\"https:\/\/transvulcania.com\/de\/\"},{\"@type\":\"ListItem\",\"position\":2,\"name\":\"Blandine L&#8217;Hirondel und Andreas Reiterer: Ein Vorgeschmack auf die Weltmeisterschaft beim adidas Transvulcania-Ultramarathon 2026\"}]},{\"@type\":\"WebSite\",\"@id\":\"https:\/\/transvulcania.com\/de\/#website\",\"url\":\"https:\/\/transvulcania.com\/de\/\",\"name\":\"Transvulcania Terrex 2026 - Ultramarathon La Palma\",\"description\":\"Transvulcania Terrex 2026 - XVI Edici\u00f3n de la Ultramarat\u00f3n de monta\u00f1a de la Isla La Palma\",\"publisher\":{\"@id\":\"https:\/\/transvulcania.com\/de\/#organization\"},\"potentialAction\":[{\"@type\":\"SearchAction\",\"target\":{\"@type\":\"EntryPoint\",\"urlTemplate\":\"https:\/\/transvulcania.com\/de\/?s={search_term_string}\"},\"query-input\":\"required name=search_term_string\"}],\"inLanguage\":\"de\"},{\"@type\":\"Organization\",\"@id\":\"https:\/\/transvulcania.com\/de\/#organization\",\"name\":\"Transvulcania Terrex 2026 - Ultramarathon La Palma\",\"url\":\"https:\/\/transvulcania.com\/de\/\",\"logo\":{\"@type\":\"ImageObject\",\"inLanguage\":\"de\",\"@id\":\"https:\/\/transvulcania.com\/de\/#\/schema\/logo\/image\/\",\"url\":\"https:\/\/transvulcania.com\/wp-content\/uploads\/2024\/03\/Logo_Transvulcania_Terrex.png\",\"contentUrl\":\"https:\/\/transvulcania.com\/wp-content\/uploads\/2024\/03\/Logo_Transvulcania_Terrex.png\",\"width\":431,\"height\":552,\"caption\":\"Transvulcania Terrex 2026 - Ultramarathon La Palma\"},\"image\":{\"@id\":\"https:\/\/transvulcania.com\/de\/#\/schema\/logo\/image\/\"}},{\"@type\":\"Person\",\"@id\":\"https:\/\/transvulcania.com\/de\/#\/schema\/person\/4610a4f4a57d4d177b681e8b0f934107\",\"name\":\"ivcabeza\",\"sameAs\":[\"https:\/\/transvulcania.com.es\"],\"url\":\"https:\/\/transvulcania.com\/de\/author\/ivcabeza\/\"}]}<\/script>\n<!-- \/ Yoast SEO Premium plugin. -->","yoast_head_json":{"title":"Blandine L'Hirondel und Andreas Reiterer: Ein Vorgeschmack auf die Weltmeisterschaft beim adidas Transvulcania-Ultramarathon 2026 - Transvulcania Terrex 2026 - Ultramarathon La Palma","robots":{"index":"index","follow":"follow","max-snippet":"max-snippet:-1","max-image-preview":"max-image-preview:large","max-video-preview":"max-video-preview:-1"},"canonical":"https:\/\/transvulcania.com\/de\/blandine-lhirondel-und-andreas-reiterer-ein-vorgeschmack-auf-die-weltmeisterschaft-beim-adidas-transvulcania-ultramarathon-2026\/","og_locale":"de_DE","og_type":"article","og_title":"Blandine L'Hirondel und Andreas Reiterer: Ein Vorgeschmack auf die Weltmeisterschaft beim adidas Transvulcania-Ultramarathon 2026","og_description":"Die zweifache Trail-Weltmeisterin und der zweifache Vize-Weltmeister im Trail Long erg\u00e4nzen das hochkar\u00e4tige Teilnehmerfeld beim wichtigsten Rennen der Isla Bonita. Die Organisatoren des Transvulcania adidas 2026 vervollst\u00e4ndigen das hochkar\u00e4tige Teilnehmerfeld mit der Best\u00e4tigung von zwei der gefragtesten Namen der internationalen Trailrunning-Szene: der Franz\u00f6sin Blandine L&#8217;Hirondel und dem Italiener Andreas Reiterer. Beide Athleten erg\u00e4nzen das Teilnehmerfeld ... Weiterlesen","og_url":"https:\/\/transvulcania.com\/de\/blandine-lhirondel-und-andreas-reiterer-ein-vorgeschmack-auf-die-weltmeisterschaft-beim-adidas-transvulcania-ultramarathon-2026\/","og_site_name":"Transvulcania Terrex 2026 - Ultramarathon La Palma","article_published_time":"2026-04-23T15:57:24+00:00","article_modified_time":"2026-04-23T16:20:55+00:00","og_image":[{"width":2560,"height":1707,"url":"https:\/\/transvulcania.com\/wp-content\/uploads\/2026\/04\/TRV26_VanMarty-scaled.jpg","type":"image\/jpeg"}],"author":"ivcabeza","twitter_card":"summary_large_image","twitter_misc":{"Verfasst von":"ivcabeza","Gesch\u00e4tzte Lesezeit":"3\u00a0Minuten"},"schema":{"@context":"https:\/\/schema.org","@graph":[{"@type":"Article","@id":"https:\/\/transvulcania.com\/de\/blandine-lhirondel-und-andreas-reiterer-ein-vorgeschmack-auf-die-weltmeisterschaft-beim-adidas-transvulcania-ultramarathon-2026\/#article","isPartOf":{"@id":"https:\/\/transvulcania.com\/de\/blandine-lhirondel-und-andreas-reiterer-ein-vorgeschmack-auf-die-weltmeisterschaft-beim-adidas-transvulcania-ultramarathon-2026\/"},"author":{"name":"ivcabeza","@id":"https:\/\/transvulcania.com\/de\/#\/schema\/person\/4610a4f4a57d4d177b681e8b0f934107"},"headline":"Blandine L&#8217;Hirondel und Andreas Reiterer: Ein Vorgeschmack auf die Weltmeisterschaft beim adidas Transvulcania-Ultramarathon 2026","datePublished":"2026-04-23T15:57:24+00:00","dateModified":"2026-04-23T16:20:55+00:00","mainEntityOfPage":{"@id":"https:\/\/transvulcania.com\/de\/blandine-lhirondel-und-andreas-reiterer-ein-vorgeschmack-auf-die-weltmeisterschaft-beim-adidas-transvulcania-ultramarathon-2026\/"},"wordCount":538,"publisher":{"@id":"https:\/\/transvulcania.com\/de\/#organization"},"articleSection":["Nachrichten"],"inLanguage":"de"},{"@type":"WebPage","@id":"https:\/\/transvulcania.com\/de\/blandine-lhirondel-und-andreas-reiterer-ein-vorgeschmack-auf-die-weltmeisterschaft-beim-adidas-transvulcania-ultramarathon-2026\/","url":"https:\/\/transvulcania.com\/de\/blandine-lhirondel-und-andreas-reiterer-ein-vorgeschmack-auf-die-weltmeisterschaft-beim-adidas-transvulcania-ultramarathon-2026\/","name":"Blandine L'Hirondel und Andreas Reiterer: Ein Vorgeschmack auf die Weltmeisterschaft beim adidas Transvulcania-Ultramarathon 2026 - Transvulcania Terrex 2026 - Ultramarathon La Palma","isPartOf":{"@id":"https:\/\/transvulcania.com\/de\/#website"},"datePublished":"2026-04-23T15:57:24+00:00","dateModified":"2026-04-23T16:20:55+00:00","breadcrumb":{"@id":"https:\/\/transvulcania.com\/de\/blandine-lhirondel-und-andreas-reiterer-ein-vorgeschmack-auf-die-weltmeisterschaft-beim-adidas-transvulcania-ultramarathon-2026\/#breadcrumb"},"inLanguage":"de","potentialAction":[{"@type":"ReadAction","target":["https:\/\/transvulcania.com\/de\/blandine-lhirondel-und-andreas-reiterer-ein-vorgeschmack-auf-die-weltmeisterschaft-beim-adidas-transvulcania-ultramarathon-2026\/"]}]},{"@type":"BreadcrumbList","@id":"https:\/\/transvulcania.com\/de\/blandine-lhirondel-und-andreas-reiterer-ein-vorgeschmack-auf-die-weltmeisterschaft-beim-adidas-transvulcania-ultramarathon-2026\/#breadcrumb","itemListElement":[{"@type":"ListItem","position":1,"name":"Home","item":"https:\/\/transvulcania.com\/de\/"},{"@type":"ListItem","position":2,"name":"Blandine L&#8217;Hirondel und Andreas Reiterer: Ein Vorgeschmack auf die Weltmeisterschaft beim adidas Transvulcania-Ultramarathon 2026"}]},{"@type":"WebSite","@id":"https:\/\/transvulcania.com\/de\/#website","url":"https:\/\/transvulcania.com\/de\/","name":"Transvulcania Terrex 2026 - Ultramarathon La Palma","description":"Transvulcania Terrex 2026 - XVI Edici\u00f3n de la Ultramarat\u00f3n de monta\u00f1a de la Isla La Palma","publisher":{"@id":"https:\/\/transvulcania.com\/de\/#organization"},"potentialAction":[{"@type":"SearchAction","target":{"@type":"EntryPoint","urlTemplate":"https:\/\/transvulcania.com\/de\/?s={search_term_string}"},"query-input":"required name=search_term_string"}],"inLanguage":"de"},{"@type":"Organization","@id":"https:\/\/transvulcania.com\/de\/#organization","name":"Transvulcania Terrex 2026 - Ultramarathon La Palma","url":"https:\/\/transvulcania.com\/de\/","logo":{"@type":"ImageObject","inLanguage":"de","@id":"https:\/\/transvulcania.com\/de\/#\/schema\/logo\/image\/","url":"https:\/\/transvulcania.com\/wp-content\/uploads\/2024\/03\/Logo_Transvulcania_Terrex.png","contentUrl":"https:\/\/transvulcania.com\/wp-content\/uploads\/2024\/03\/Logo_Transvulcania_Terrex.png","width":431,"height":552,"caption":"Transvulcania Terrex 2026 - Ultramarathon La Palma"},"image":{"@id":"https:\/\/transvulcania.com\/de\/#\/schema\/logo\/image\/"}},{"@type":"Person","@id":"https:\/\/transvulcania.com\/de\/#\/schema\/person\/4610a4f4a57d4d177b681e8b0f934107","name":"ivcabeza","sameAs":["https:\/\/transvulcania.com.es"],"url":"https:\/\/transvulcania.com\/de\/author\/ivcabeza\/"}]}},"_links":{"self":[{"href":"https:\/\/transvulcania.com\/de\/wp-json\/wp\/v2\/posts\/21141","targetHints":{"allow":["GET"]}}],"collection":[{"href":"https:\/\/transvulcania.com\/de\/wp-json\/wp\/v2\/posts"}],"about":[{"href":"https:\/\/transvulcania.com\/de\/wp-json\/wp\/v2\/types\/post"}],"author":[{"embeddable":true,"href":"https:\/\/transvulcania.com\/de\/wp-json\/wp\/v2\/users\/1"}],"replies":[{"embeddable":true,"href":"https:\/\/transvulcania.com\/de\/wp-json\/wp\/v2\/comments?post=21141"}],"version-history":[{"count":1,"href":"https:\/\/transvulcania.com\/de\/wp-json\/wp\/v2\/posts\/21141\/revisions"}],"predecessor-version":[{"id":21142,"href":"https:\/\/transvulcania.com\/de\/wp-json\/wp\/v2\/posts\/21141\/revisions\/21142"}],"wp:featuredmedia":[{"embeddable":true,"href":"https:\/\/transvulcania.com\/de\/wp-json\/wp\/v2\/media\/21132"}],"wp:attachment":[{"href":"https:\/\/transvulcania.com\/de\/wp-json\/wp\/v2\/media?parent=21141"}],"wp:term":[{"taxonomy":"category","embeddable":true,"href":"https:\/\/transvulcania.com\/de\/wp-json\/wp\/v2\/categories?post=21141"},{"taxonomy":"post_tag","embeddable":true,"href":"https:\/\/transvulcania.com\/de\/wp-json\/wp\/v2\/tags?post=21141"}],"curies":[{"name":"wp","href":"https:\/\/api.w.org\/{rel}","templated":true}]}}