{"id":20933,"date":"2026-04-09T13:30:48","date_gmt":"2026-04-09T12:30:48","guid":{"rendered":"https:\/\/transvulcania.com\/petter-engdahl-kehrt-zur-transvulcania-adidas-zurueck-um-seinen-thron-zurueckzuerobern\/"},"modified":"2026-04-09T17:02:05","modified_gmt":"2026-04-09T16:02:05","slug":"petter-engdahl-kehrt-zur-transvulcania-adidas-zurueck-um-seinen-thron-zurueckzuerobern","status":"publish","type":"post","link":"https:\/\/transvulcania.com\/de\/petter-engdahl-kehrt-zur-transvulcania-adidas-zurueck-um-seinen-thron-zurueckzuerobern\/","title":{"rendered":"Petter Engdahl kehrt zur Transvulcania adidas zur\u00fcck, um seinen Thron zur\u00fcckzuerobern"},"content":{"rendered":"\t\t<div data-elementor-type=\"wp-post\" data-elementor-id=\"20933\" class=\"elementor elementor-20933 elementor-20923\" data-elementor-post-type=\"post\">\n\t\t\t\t<div class=\"elementor-element elementor-element-48a6cc7 e-flex e-con-boxed e-con e-parent\" data-id=\"48a6cc7\" data-element_type=\"container\" data-e-type=\"container\">\n\t\t\t\t\t<div class=\"e-con-inner\">\n\t\t\t\t<div class=\"elementor-element elementor-element-ca3656e elementor-widget elementor-widget-text-editor\" data-id=\"ca3656e\" data-element_type=\"widget\" data-e-type=\"widget\" data-widget_type=\"text-editor.default\">\n\t\t\t\t<div class=\"elementor-widget-container\">\n\t\t\t\t\t\t\t\t\t<div class=\"field field--name-field-noticias-entradilla field--type-text-long field--label-hidden field--item\">\n<div class=\"field field--name-field-noticias-entradilla field--type-text-long field--label-hidden field--item\">\n<p>Die Organisatoren des Transvulcania adidas freuen sich, die R\u00fcckkehr eines der Namen bekannt zu geben, die die j\u00fcngste Geschichte des Rennens gepr\u00e4gt haben: den Schweden Petter Engdahl. Der Sieger der Ausgabe 2022 kehrt auf die Isla Bonita zur\u00fcck mit einem klaren Ziel: den Thron zur\u00fcckzuerobern und seinen Status als einer der vielseitigsten, explosivsten und dominierendsten Athleten im internationalen Trailrunning zu best\u00e4tigen. <\/p>\n<p>Engdahls Interesse an einer R\u00fcckkehr zur Transvulcania adidas ist ein gro\u00dfer Schub f\u00fcr das Rennen, das damit ein hochkar\u00e4tiges Teilnehmerfeld von weltweitem Rang aufstellt. Er ist nicht nur ein weiterer L\u00e4ufer an der Startlinie, sondern eine echte Gr\u00f6\u00dfe auf der internationalen Laufszene, der das Tempo des Rennens vom ersten Kilometer bis zum legend\u00e4ren Ziel in Los Llanos de Aridane vorgeben kann. <\/p>\n<p>Als herausragendes Mitglied des Adidas Terrex-Teams verk\u00f6rpert Engdahl die perfekte Kombination aus purer Geschwindigkeit und extremer Ausdauer. Nur wenige L\u00e4ufer weltweit k\u00f6nnen sich r\u00fchmen, das f\u00fcr Asphaltmarathons typische Tempo auf technisches Hochgebirgsgel\u00e4nde \u00fcbertragen zu k\u00f6nnen \u2013 eine Eigenschaft, die ihn f\u00fcr Fans des Trailrunnings zu einem der spektakul\u00e4rsten L\u00e4ufer der aktuellen Szene macht. <\/p>\n<p>Sein Sieg bei der Transvulcania 2022 bleibt im kollektiven Ged\u00e4chtnis als eine der beeindruckendsten Leistungen des letzten Jahrzehnts haften. An jenem Tag gewann der Schwede nicht nur \u2013 mit einer Zeit von 7:10:29 \u2013, sondern definierte auch die Art und Weise neu, wie man auf der Isla Bonita antritt, indem er auf einigen der anspruchsvollsten Abschnitten der Strecke, vom Roque de los Muchachos bis zum letzten Abstieg, einen aggressiven, mutigen und kompromisslosen Stil durchsetzte. <\/p>\n<p>Engdahls Name reiht sich ein in die Liste weiterer namhafter Teilnehmer des Rennens, darunter seine Landsfrau Emelie Forsberg, deren Teilnahme bereits vor Wochen best\u00e4tigt wurde. Die Anwesenheit dieser beiden Vorbilder des nordischen Trailrunnings unterstreicht den globalen Charakter der Veranstaltung, verspricht ein sportliches Spektakel der Extraklasse auf der Isla Bonita und ist zudem ein eindeutiger Verweis auf das internationale Erbe der adidas Transvulcania. <\/p>\n<h4>Der Mann, der Grenzen \u00fcberschreitet<\/h4>\n<p>Petter Engdahl kommt zu einem Zeitpunkt auf La Palma an, an dem er sportlich auf dem H\u00f6hepunkt seiner Karriere steht. Seine j\u00fcngste Laufbahn ist gepr\u00e4gt von Meilensteinen, die das Niveau des weltweiten Trailrunnings angehoben und die Grenzen des M\u00f6glichen im Langstreckenlauf erweitert haben: <\/p>\n<ul>\n<li>Sieger der Transvulcania 2022.<\/li>\n<li>Historischer Rekord beim CCC (UTMB Mont-Blanc) 2022: Erster L\u00e4ufer, der die 10-Stunden-Marke (9:53:02) beim 100-km-Lauf von Chamonix unterboten hat.<\/li>\n<li>Sieger des Eiger Ultra Trail 101K (2024): souver\u00e4ner Sieg in einer der anspruchsvollsten alpinen Landschaften.<\/li>\n<li>Sieger des Transgrancanaria (Advanced): Er beweist damit, wie gut er mit dem Gel\u00e4nde auf den Kanaren zurechtkommt.<\/li>\n<li>Podiumspl\u00e4tze bei den Golden Trail World Series: Explosivit\u00e4t und Technik auf schnellen und technisch anspruchsvollen Strecken.<\/li>\n<\/ul>\n<p>Mit dieser R\u00fcckkehr gewinnt die Transvulcania adidas nicht nur einen ihrer legend\u00e4rsten Champions zur\u00fcck, sondern festigt auch ihre Position als eines der attraktivsten und wettbewerbsintensivsten Rennen im internationalen Kalender. Die Teilnahme von Engdahl erh\u00f6ht automatisch das Leistungsniveau und l\u00e4sst eine Ausgabe von h\u00f6chster Intensit\u00e4t erwarten. <\/p>\n<h4>Der Countdown l\u00e4uft. Und Petter Engdahl hat bereits seine Botschaft verk\u00fcndet: Er kehrt nach La Palma zur\u00fcck, um zu gewinnen. <\/h4>\n<p>Die adidas Transvulcania wird vom Inselrat von La Palma Inselrat von La Palma \u00fcber das \u00f6ffentliche Unternehmen SODEPAL, mit Unterst\u00fctzung der Regierung der Kanarischen Inseln durch das Ministerium f\u00fcr Tourismus und Promotur mit ihrer Marke \u201eIslas Canarias Latitud de Vida\u201c sowie der Unternehmen adidas, Hotel H10 Taburiente Playa, Hotel La Palma Princess, Hotel Meli\u00e1 La Palma, Fred. Olsen Express, Cicar, Spar La Palma, Coca-Cola, Libbys, Isola und Nutrinovex.  <\/p>\n<\/div>\n<\/div>\n\t\t\t\t\t\t\t\t<\/div>\n\t\t\t\t<\/div>\n\t\t\t\t\t<\/div>\n\t\t\t\t<\/div>\n\t\t\t\t<\/div>\n\t\t","protected":false},"excerpt":{"rendered":"<p>Die Organisatoren des Transvulcania adidas freuen sich, die R\u00fcckkehr eines der Namen bekannt zu geben, die die j\u00fcngste Geschichte des Rennens gepr\u00e4gt haben: den Schweden Petter Engdahl. Der Sieger der Ausgabe 2022 kehrt auf die Isla Bonita zur\u00fcck mit einem klaren Ziel: den Thron zur\u00fcckzuerobern und seinen Status als einer der vielseitigsten, explosivsten und dominierendsten &#8230; <a title=\"Petter Engdahl kehrt zur Transvulcania adidas zur\u00fcck, um seinen Thron zur\u00fcckzuerobern\" class=\"read-more\" href=\"https:\/\/transvulcania.com\/de\/petter-engdahl-kehrt-zur-transvulcania-adidas-zurueck-um-seinen-thron-zurueckzuerobern\/\" aria-label=\"Mehr Informationen \u00fcber Petter Engdahl kehrt zur Transvulcania adidas zur\u00fcck, um seinen Thron zur\u00fcckzuerobern\">Weiterlesen<\/a><\/p>\n","protected":false},"author":1,"featured_media":20927,"comment_status":"closed","ping_status":"closed","sticky":false,"template":"","format":"standard","meta":{"footnotes":""},"categories":[44],"tags":[],"class_list":["post-20933","post","type-post","status-publish","format-standard","has-post-thumbnail","hentry","category-nachrichten"],"yoast_head":"<!-- This site is optimized with the Yoast SEO Premium plugin v21.2 (Yoast SEO v21.2) - https:\/\/yoast.com\/wordpress\/plugins\/seo\/ -->\n<title>Petter Engdahl kehrt zur Transvulcania adidas zur\u00fcck, um seinen Thron zur\u00fcckzuerobern - Transvulcania Terrex 2026 - Ultramarathon La Palma<\/title>\n<meta name=\"robots\" content=\"index, follow, max-snippet:-1, max-image-preview:large, max-video-preview:-1\" \/>\n<link rel=\"canonical\" href=\"https:\/\/transvulcania.com\/de\/petter-engdahl-kehrt-zur-transvulcania-adidas-zurueck-um-seinen-thron-zurueckzuerobern\/\" \/>\n<meta property=\"og:locale\" content=\"de_DE\" \/>\n<meta property=\"og:type\" content=\"article\" \/>\n<meta property=\"og:title\" content=\"Petter Engdahl kehrt zur Transvulcania adidas zur\u00fcck, um seinen Thron zur\u00fcckzuerobern\" \/>\n<meta property=\"og:description\" content=\"Die Organisatoren des Transvulcania adidas freuen sich, die R\u00fcckkehr eines der Namen bekannt zu geben, die die j\u00fcngste Geschichte des Rennens gepr\u00e4gt haben: den Schweden Petter Engdahl. Der Sieger der Ausgabe 2022 kehrt auf die Isla Bonita zur\u00fcck mit einem klaren Ziel: den Thron zur\u00fcckzuerobern und seinen Status als einer der vielseitigsten, explosivsten und dominierendsten ... Weiterlesen\" \/>\n<meta property=\"og:url\" content=\"https:\/\/transvulcania.com\/de\/petter-engdahl-kehrt-zur-transvulcania-adidas-zurueck-um-seinen-thron-zurueckzuerobern\/\" \/>\n<meta property=\"og:site_name\" content=\"Transvulcania Terrex 2026 - Ultramarathon La Palma\" \/>\n<meta property=\"article:published_time\" content=\"2026-04-09T12:30:48+00:00\" \/>\n<meta property=\"article:modified_time\" content=\"2026-04-09T16:02:05+00:00\" \/>\n<meta property=\"og:image\" content=\"https:\/\/transvulcania.com\/wp-content\/uploads\/2026\/04\/Engdahl_TRV26.jpeg\" \/>\n\t<meta property=\"og:image:width\" content=\"1600\" \/>\n\t<meta property=\"og:image:height\" content=\"1067\" \/>\n\t<meta property=\"og:image:type\" content=\"image\/jpeg\" \/>\n<meta name=\"author\" content=\"ivcabeza\" \/>\n<meta name=\"twitter:card\" content=\"summary_large_image\" \/>\n<meta name=\"twitter:label1\" content=\"Verfasst von\" \/>\n\t<meta name=\"twitter:data1\" content=\"ivcabeza\" \/>\n\t<meta name=\"twitter:label2\" content=\"Gesch\u00e4tzte Lesezeit\" \/>\n\t<meta name=\"twitter:data2\" content=\"3\u00a0Minuten\" \/>\n<script type=\"application\/ld+json\" class=\"yoast-schema-graph\">{\"@context\":\"https:\/\/schema.org\",\"@graph\":[{\"@type\":\"Article\",\"@id\":\"https:\/\/transvulcania.com\/de\/petter-engdahl-kehrt-zur-transvulcania-adidas-zurueck-um-seinen-thron-zurueckzuerobern\/#article\",\"isPartOf\":{\"@id\":\"https:\/\/transvulcania.com\/de\/petter-engdahl-kehrt-zur-transvulcania-adidas-zurueck-um-seinen-thron-zurueckzuerobern\/\"},\"author\":{\"name\":\"ivcabeza\",\"@id\":\"https:\/\/transvulcania.com\/de\/#\/schema\/person\/4610a4f4a57d4d177b681e8b0f934107\"},\"headline\":\"Petter Engdahl kehrt zur Transvulcania adidas zur\u00fcck, um seinen Thron zur\u00fcckzuerobern\",\"datePublished\":\"2026-04-09T12:30:48+00:00\",\"dateModified\":\"2026-04-09T16:02:05+00:00\",\"mainEntityOfPage\":{\"@id\":\"https:\/\/transvulcania.com\/de\/petter-engdahl-kehrt-zur-transvulcania-adidas-zurueck-um-seinen-thron-zurueckzuerobern\/\"},\"wordCount\":612,\"publisher\":{\"@id\":\"https:\/\/transvulcania.com\/de\/#organization\"},\"articleSection\":[\"Nachrichten\"],\"inLanguage\":\"de\"},{\"@type\":\"WebPage\",\"@id\":\"https:\/\/transvulcania.com\/de\/petter-engdahl-kehrt-zur-transvulcania-adidas-zurueck-um-seinen-thron-zurueckzuerobern\/\",\"url\":\"https:\/\/transvulcania.com\/de\/petter-engdahl-kehrt-zur-transvulcania-adidas-zurueck-um-seinen-thron-zurueckzuerobern\/\",\"name\":\"Petter Engdahl kehrt zur Transvulcania adidas zur\u00fcck, um seinen Thron zur\u00fcckzuerobern - Transvulcania Terrex 2026 - Ultramarathon La Palma\",\"isPartOf\":{\"@id\":\"https:\/\/transvulcania.com\/de\/#website\"},\"datePublished\":\"2026-04-09T12:30:48+00:00\",\"dateModified\":\"2026-04-09T16:02:05+00:00\",\"breadcrumb\":{\"@id\":\"https:\/\/transvulcania.com\/de\/petter-engdahl-kehrt-zur-transvulcania-adidas-zurueck-um-seinen-thron-zurueckzuerobern\/#breadcrumb\"},\"inLanguage\":\"de\",\"potentialAction\":[{\"@type\":\"ReadAction\",\"target\":[\"https:\/\/transvulcania.com\/de\/petter-engdahl-kehrt-zur-transvulcania-adidas-zurueck-um-seinen-thron-zurueckzuerobern\/\"]}]},{\"@type\":\"BreadcrumbList\",\"@id\":\"https:\/\/transvulcania.com\/de\/petter-engdahl-kehrt-zur-transvulcania-adidas-zurueck-um-seinen-thron-zurueckzuerobern\/#breadcrumb\",\"itemListElement\":[{\"@type\":\"ListItem\",\"position\":1,\"name\":\"Home\",\"item\":\"https:\/\/transvulcania.com\/de\/\"},{\"@type\":\"ListItem\",\"position\":2,\"name\":\"Petter Engdahl kehrt zur Transvulcania adidas zur\u00fcck, um seinen Thron zur\u00fcckzuerobern\"}]},{\"@type\":\"WebSite\",\"@id\":\"https:\/\/transvulcania.com\/de\/#website\",\"url\":\"https:\/\/transvulcania.com\/de\/\",\"name\":\"Transvulcania Terrex 2026 - Ultramarathon La Palma\",\"description\":\"Transvulcania Terrex 2026 - XVI Edici\u00f3n de la Ultramarat\u00f3n de monta\u00f1a de la Isla La Palma\",\"publisher\":{\"@id\":\"https:\/\/transvulcania.com\/de\/#organization\"},\"potentialAction\":[{\"@type\":\"SearchAction\",\"target\":{\"@type\":\"EntryPoint\",\"urlTemplate\":\"https:\/\/transvulcania.com\/de\/?s={search_term_string}\"},\"query-input\":\"required name=search_term_string\"}],\"inLanguage\":\"de\"},{\"@type\":\"Organization\",\"@id\":\"https:\/\/transvulcania.com\/de\/#organization\",\"name\":\"Transvulcania Terrex 2026 - Ultramarathon La Palma\",\"url\":\"https:\/\/transvulcania.com\/de\/\",\"logo\":{\"@type\":\"ImageObject\",\"inLanguage\":\"de\",\"@id\":\"https:\/\/transvulcania.com\/de\/#\/schema\/logo\/image\/\",\"url\":\"https:\/\/transvulcania.com\/wp-content\/uploads\/2024\/03\/Logo_Transvulcania_Terrex.png\",\"contentUrl\":\"https:\/\/transvulcania.com\/wp-content\/uploads\/2024\/03\/Logo_Transvulcania_Terrex.png\",\"width\":431,\"height\":552,\"caption\":\"Transvulcania Terrex 2026 - Ultramarathon La Palma\"},\"image\":{\"@id\":\"https:\/\/transvulcania.com\/de\/#\/schema\/logo\/image\/\"}},{\"@type\":\"Person\",\"@id\":\"https:\/\/transvulcania.com\/de\/#\/schema\/person\/4610a4f4a57d4d177b681e8b0f934107\",\"name\":\"ivcabeza\",\"sameAs\":[\"https:\/\/transvulcania.com.es\"],\"url\":\"https:\/\/transvulcania.com\/de\/author\/ivcabeza\/\"}]}<\/script>\n<!-- \/ Yoast SEO Premium plugin. -->","yoast_head_json":{"title":"Petter Engdahl kehrt zur Transvulcania adidas zur\u00fcck, um seinen Thron zur\u00fcckzuerobern - Transvulcania Terrex 2026 - Ultramarathon La Palma","robots":{"index":"index","follow":"follow","max-snippet":"max-snippet:-1","max-image-preview":"max-image-preview:large","max-video-preview":"max-video-preview:-1"},"canonical":"https:\/\/transvulcania.com\/de\/petter-engdahl-kehrt-zur-transvulcania-adidas-zurueck-um-seinen-thron-zurueckzuerobern\/","og_locale":"de_DE","og_type":"article","og_title":"Petter Engdahl kehrt zur Transvulcania adidas zur\u00fcck, um seinen Thron zur\u00fcckzuerobern","og_description":"Die Organisatoren des Transvulcania adidas freuen sich, die R\u00fcckkehr eines der Namen bekannt zu geben, die die j\u00fcngste Geschichte des Rennens gepr\u00e4gt haben: den Schweden Petter Engdahl. Der Sieger der Ausgabe 2022 kehrt auf die Isla Bonita zur\u00fcck mit einem klaren Ziel: den Thron zur\u00fcckzuerobern und seinen Status als einer der vielseitigsten, explosivsten und dominierendsten ... Weiterlesen","og_url":"https:\/\/transvulcania.com\/de\/petter-engdahl-kehrt-zur-transvulcania-adidas-zurueck-um-seinen-thron-zurueckzuerobern\/","og_site_name":"Transvulcania Terrex 2026 - Ultramarathon La Palma","article_published_time":"2026-04-09T12:30:48+00:00","article_modified_time":"2026-04-09T16:02:05+00:00","og_image":[{"width":1600,"height":1067,"url":"https:\/\/transvulcania.com\/wp-content\/uploads\/2026\/04\/Engdahl_TRV26.jpeg","type":"image\/jpeg"}],"author":"ivcabeza","twitter_card":"summary_large_image","twitter_misc":{"Verfasst von":"ivcabeza","Gesch\u00e4tzte Lesezeit":"3\u00a0Minuten"},"schema":{"@context":"https:\/\/schema.org","@graph":[{"@type":"Article","@id":"https:\/\/transvulcania.com\/de\/petter-engdahl-kehrt-zur-transvulcania-adidas-zurueck-um-seinen-thron-zurueckzuerobern\/#article","isPartOf":{"@id":"https:\/\/transvulcania.com\/de\/petter-engdahl-kehrt-zur-transvulcania-adidas-zurueck-um-seinen-thron-zurueckzuerobern\/"},"author":{"name":"ivcabeza","@id":"https:\/\/transvulcania.com\/de\/#\/schema\/person\/4610a4f4a57d4d177b681e8b0f934107"},"headline":"Petter Engdahl kehrt zur Transvulcania adidas zur\u00fcck, um seinen Thron zur\u00fcckzuerobern","datePublished":"2026-04-09T12:30:48+00:00","dateModified":"2026-04-09T16:02:05+00:00","mainEntityOfPage":{"@id":"https:\/\/transvulcania.com\/de\/petter-engdahl-kehrt-zur-transvulcania-adidas-zurueck-um-seinen-thron-zurueckzuerobern\/"},"wordCount":612,"publisher":{"@id":"https:\/\/transvulcania.com\/de\/#organization"},"articleSection":["Nachrichten"],"inLanguage":"de"},{"@type":"WebPage","@id":"https:\/\/transvulcania.com\/de\/petter-engdahl-kehrt-zur-transvulcania-adidas-zurueck-um-seinen-thron-zurueckzuerobern\/","url":"https:\/\/transvulcania.com\/de\/petter-engdahl-kehrt-zur-transvulcania-adidas-zurueck-um-seinen-thron-zurueckzuerobern\/","name":"Petter Engdahl kehrt zur Transvulcania adidas zur\u00fcck, um seinen Thron zur\u00fcckzuerobern - Transvulcania Terrex 2026 - Ultramarathon La Palma","isPartOf":{"@id":"https:\/\/transvulcania.com\/de\/#website"},"datePublished":"2026-04-09T12:30:48+00:00","dateModified":"2026-04-09T16:02:05+00:00","breadcrumb":{"@id":"https:\/\/transvulcania.com\/de\/petter-engdahl-kehrt-zur-transvulcania-adidas-zurueck-um-seinen-thron-zurueckzuerobern\/#breadcrumb"},"inLanguage":"de","potentialAction":[{"@type":"ReadAction","target":["https:\/\/transvulcania.com\/de\/petter-engdahl-kehrt-zur-transvulcania-adidas-zurueck-um-seinen-thron-zurueckzuerobern\/"]}]},{"@type":"BreadcrumbList","@id":"https:\/\/transvulcania.com\/de\/petter-engdahl-kehrt-zur-transvulcania-adidas-zurueck-um-seinen-thron-zurueckzuerobern\/#breadcrumb","itemListElement":[{"@type":"ListItem","position":1,"name":"Home","item":"https:\/\/transvulcania.com\/de\/"},{"@type":"ListItem","position":2,"name":"Petter Engdahl kehrt zur Transvulcania adidas zur\u00fcck, um seinen Thron zur\u00fcckzuerobern"}]},{"@type":"WebSite","@id":"https:\/\/transvulcania.com\/de\/#website","url":"https:\/\/transvulcania.com\/de\/","name":"Transvulcania Terrex 2026 - Ultramarathon La Palma","description":"Transvulcania Terrex 2026 - XVI Edici\u00f3n de la Ultramarat\u00f3n de monta\u00f1a de la Isla La Palma","publisher":{"@id":"https:\/\/transvulcania.com\/de\/#organization"},"potentialAction":[{"@type":"SearchAction","target":{"@type":"EntryPoint","urlTemplate":"https:\/\/transvulcania.com\/de\/?s={search_term_string}"},"query-input":"required name=search_term_string"}],"inLanguage":"de"},{"@type":"Organization","@id":"https:\/\/transvulcania.com\/de\/#organization","name":"Transvulcania Terrex 2026 - Ultramarathon La Palma","url":"https:\/\/transvulcania.com\/de\/","logo":{"@type":"ImageObject","inLanguage":"de","@id":"https:\/\/transvulcania.com\/de\/#\/schema\/logo\/image\/","url":"https:\/\/transvulcania.com\/wp-content\/uploads\/2024\/03\/Logo_Transvulcania_Terrex.png","contentUrl":"https:\/\/transvulcania.com\/wp-content\/uploads\/2024\/03\/Logo_Transvulcania_Terrex.png","width":431,"height":552,"caption":"Transvulcania Terrex 2026 - Ultramarathon La Palma"},"image":{"@id":"https:\/\/transvulcania.com\/de\/#\/schema\/logo\/image\/"}},{"@type":"Person","@id":"https:\/\/transvulcania.com\/de\/#\/schema\/person\/4610a4f4a57d4d177b681e8b0f934107","name":"ivcabeza","sameAs":["https:\/\/transvulcania.com.es"],"url":"https:\/\/transvulcania.com\/de\/author\/ivcabeza\/"}]}},"_links":{"self":[{"href":"https:\/\/transvulcania.com\/de\/wp-json\/wp\/v2\/posts\/20933","targetHints":{"allow":["GET"]}}],"collection":[{"href":"https:\/\/transvulcania.com\/de\/wp-json\/wp\/v2\/posts"}],"about":[{"href":"https:\/\/transvulcania.com\/de\/wp-json\/wp\/v2\/types\/post"}],"author":[{"embeddable":true,"href":"https:\/\/transvulcania.com\/de\/wp-json\/wp\/v2\/users\/1"}],"replies":[{"embeddable":true,"href":"https:\/\/transvulcania.com\/de\/wp-json\/wp\/v2\/comments?post=20933"}],"version-history":[{"count":1,"href":"https:\/\/transvulcania.com\/de\/wp-json\/wp\/v2\/posts\/20933\/revisions"}],"predecessor-version":[{"id":20934,"href":"https:\/\/transvulcania.com\/de\/wp-json\/wp\/v2\/posts\/20933\/revisions\/20934"}],"wp:featuredmedia":[{"embeddable":true,"href":"https:\/\/transvulcania.com\/de\/wp-json\/wp\/v2\/media\/20927"}],"wp:attachment":[{"href":"https:\/\/transvulcania.com\/de\/wp-json\/wp\/v2\/media?parent=20933"}],"wp:term":[{"taxonomy":"category","embeddable":true,"href":"https:\/\/transvulcania.com\/de\/wp-json\/wp\/v2\/categories?post=20933"},{"taxonomy":"post_tag","embeddable":true,"href":"https:\/\/transvulcania.com\/de\/wp-json\/wp\/v2\/tags?post=20933"}],"curies":[{"name":"wp","href":"https:\/\/api.w.org\/{rel}","templated":true}]}}